{"id":20500,"date":"2021-03-17T17:49:53","date_gmt":"2021-03-17T17:49:53","guid":{"rendered":"https:\/\/blogdorogeriogomes.com.br\/?p=20500"},"modified":"2021-03-23T12:58:22","modified_gmt":"2021-03-23T12:58:22","slug":"medicos-cearenses-em-defesa-do-sus-reagem-a-manifesto-de-profissionais-bolsonaristas","status":"publish","type":"post","link":"https:\/\/blogdorogeriogomes.com.br\/noticias\/2021\/03\/medicos-cearenses-em-defesa-do-sus-reagem-a-manifesto-de-profissionais-bolsonaristas\/","title":{"rendered":"M\u00e9dicos cearenses em defesa do SUS reagem a manifesto de profissionais bolsonaristas"},"content":{"rendered":"\n<p>Um grupo formado por mais de 500 m\u00e9dicos cearenses lan\u00e7ou manifesto de oposi\u00e7\u00e3o ao presidente Jair Bolsonaro e a falta de medidas eficazes do Governo Federal no combate \u00e0 pandemia do Covid-19 no Brasil. A a\u00e7\u00e3o vem como resposta ao movimento de 219 m\u00e9dicos que, no in\u00edcio desta semana, se uniram para assinar nota em apoio ao chefe executivo do Pa\u00eds.<\/p>\n\n\n\n<p>O texto de apoio do grupo bolsonarista afirmava que Bolsonaro &#8220;derramou o pr\u00f3prio sangue pelo Brasil&#8221; e que dedicava &#8220;todo o seu empenho&#8221; junto aos &#8220;guerreiros patriotas&#8221;. Dentre as assinaturas estavam a da m\u00e9dica e Secret\u00e1ria de Gest\u00e3o do Trabalho e da Educa\u00e7\u00e3o na Sa\u00fade do governo federal, Mayra Pinheiro, e do vice-reitor da Universidade Federal do Cear\u00e1, o m\u00e9dico Jos\u00e9 Glauco Lobo Filho.<\/p>\n\n\n\n<p>Diante da repercuss\u00e3o e chuva de cr\u00edticas negativas sobre a categoria, um grupo maior de m\u00e9dicos cearenses, que defendem o SUS, se uniu para combater o posicionamento. A lista de opositores j\u00e1 conta com o ex-prefeito de Fortaleza, Roberto Cl\u00e1udio, o ex-reitor da UFC, Henry Campos, a militante Helena Serra Azul e a secret\u00e1ria executiva de Justi\u00e7a, Cidadania e Direitos Humanos da SPS, Lia Gomes.<\/p>\n\n\n\n<p>O documento de protesto ao Governo Bolsonaro destaca que &#8220;s\u00e3o in\u00fameras as declara\u00e7\u00f5es do presidente Bolsonaro em desrespeito aos profissionais de sa\u00fade, \u00e0s v\u00edtimas da Covid-19 e aos seus familiares. De frases como &#8220;n\u00e3o sou coveiro&#8221; \u00e0 ordem para &#8220;invadir e filmar hospitais&#8221;. Citam tamb\u00e9m falas do presidente sobre as mortes com a pandemia como &#8220;deixem de mimimi&#8221;, num claro desrespeito \u00e0s milhares de fam\u00edlias enlutadas.<\/p>\n\n\n\n<p>Com o atrito causado e a repercuss\u00e3o negativa nas redes sociais, alguns m\u00e9dicos j\u00e1 optaram at\u00e9 por retirar seus nomes do abaixo-assinado em defesa de Bolsonaro. Apesar de bolsonaristas, muitos deles dizem destacar a import\u00e2ncia do uso de m\u00e1scaras e das medidas de seguran\u00e7a sanit\u00e1ria, constantemente criticadas por Bolsonaro.<\/p>\n\n\n\n<figure class=\"wp-block-image size-large\"><img loading=\"lazy\" decoding=\"async\" width=\"754\" height=\"502\" src=\"https:\/\/blogdorogeriogomes.com.br\/wp-content\/uploads\/2021\/03\/sus_vale_esta.jpg\" alt=\"\" class=\"wp-image-20501\" srcset=\"https:\/\/blogdorogeriogomes.com.br\/noticias\/wp-content\/uploads\/2021\/03\/sus_vale_esta.jpg 754w, https:\/\/blogdorogeriogomes.com.br\/noticias\/wp-content\/uploads\/2021\/03\/sus_vale_esta-300x200.jpg 300w\" sizes=\"auto, (max-width: 754px) 100vw, 754px\" \/><\/figure>\n","protected":false},"excerpt":{"rendered":"<p>Um grupo formado por mais de 500 m\u00e9dicos cearenses lan\u00e7ou manifesto de oposi\u00e7\u00e3o ao presidente Jair Bolsonaro e a falta de medidas eficazes do Governo Federal no combate \u00e0 pandemia do Covid-19 no Brasil. A a\u00e7\u00e3o vem como resposta ao movimento de 219 m\u00e9dicos que, no in\u00edcio desta semana, se uniram para assinar nota em apoio ao chefe executivo do Pa\u00eds. O texto de apoio do grupo bolsonarista afirmava que Bolsonaro &#8220;derramou o pr\u00f3prio sangue pelo Brasil&#8221; e que&hellip;<\/p>\n","protected":false},"author":1,"featured_media":20501,"comment_status":"open","ping_status":"open","sticky":false,"template":"","format":"standard","meta":{"footnotes":""},"categories":[1],"tags":[],"class_list":["post-20500","post","type-post","status-publish","format-standard","has-post-thumbnail","hentry","category-noticias"],"_links":{"self":[{"href":"https:\/\/blogdorogeriogomes.com.br\/noticias\/wp-json\/wp\/v2\/posts\/20500","targetHints":{"allow":["GET"]}}],"collection":[{"href":"https:\/\/blogdorogeriogomes.com.br\/noticias\/wp-json\/wp\/v2\/posts"}],"about":[{"href":"https:\/\/blogdorogeriogomes.com.br\/noticias\/wp-json\/wp\/v2\/types\/post"}],"author":[{"embeddable":true,"href":"https:\/\/blogdorogeriogomes.com.br\/noticias\/wp-json\/wp\/v2\/users\/1"}],"replies":[{"embeddable":true,"href":"https:\/\/blogdorogeriogomes.com.br\/noticias\/wp-json\/wp\/v2\/comments?post=20500"}],"version-history":[{"count":1,"href":"https:\/\/blogdorogeriogomes.com.br\/noticias\/wp-json\/wp\/v2\/posts\/20500\/revisions"}],"predecessor-version":[{"id":20502,"href":"https:\/\/blogdorogeriogomes.com.br\/noticias\/wp-json\/wp\/v2\/posts\/20500\/revisions\/20502"}],"wp:featuredmedia":[{"embeddable":true,"href":"https:\/\/blogdorogeriogomes.com.br\/noticias\/wp-json\/wp\/v2\/media\/20501"}],"wp:attachment":[{"href":"https:\/\/blogdorogeriogomes.com.br\/noticias\/wp-json\/wp\/v2\/media?parent=20500"}],"wp:term":[{"taxonomy":"category","embeddable":true,"href":"https:\/\/blogdorogeriogomes.com.br\/noticias\/wp-json\/wp\/v2\/categories?post=20500"},{"taxonomy":"post_tag","embeddable":true,"href":"https:\/\/blogdorogeriogomes.com.br\/noticias\/wp-json\/wp\/v2\/tags?post=20500"}],"curies":[{"name":"wp","href":"https:\/\/api.w.org\/{rel}","templated":true}]}}