{"id":20503,"date":"2021-03-17T18:12:08","date_gmt":"2021-03-17T18:12:08","guid":{"rendered":"https:\/\/blogdorogeriogomes.com.br\/?p=20503"},"modified":"2021-03-23T12:58:05","modified_gmt":"2021-03-23T12:58:05","slug":"covid-19-ceara-ja-vacinou-75-dos-grupos-prioritarios-da-fase-1-e-municipios-se-preparam-para-imunizar-idosos-a-partir-de-60-anos","status":"publish","type":"post","link":"https:\/\/blogdorogeriogomes.com.br\/noticias\/2021\/03\/covid-19-ceara-ja-vacinou-75-dos-grupos-prioritarios-da-fase-1-e-municipios-se-preparam-para-imunizar-idosos-a-partir-de-60-anos\/","title":{"rendered":"Covid-19: Cear\u00e1 j\u00e1 vacinou 75% dos grupos priorit\u00e1rios da Fase 1 e munic\u00edpios se preparam para imunizar idosos a partir de 60 anos"},"content":{"rendered":"\n<p>A Secretaria da Sa\u00fade do Cear\u00e1 confirmou nesta quarta-feira, dia 17 de mar\u00e7o, que mais de 75% dos grupos priorit\u00e1rios da Fase 1 do Programa Nacional de Imuniza\u00e7\u00e3o j\u00e1 receberam as doses da vacina contra a Covid-19 no Estado. No atual cen\u00e1rio, 81 munic\u00edpios cearenses, incluindo a capital Fortaleza, est\u00e3o preparadas para iniciar a segunda fase da imuniza\u00e7\u00e3o, que contempla idosos a partir dos 60 anos.<\/p>\n\n\n\n<p>Os pr\u00f3ximos passos ocorrer\u00e3o na medida em que novos lotes das vacinas chegarem. \u00c9 poss\u00edvel realizar o cadastro antecipadamente por meio do site https:\/\/vacinacaocovid.saude.ce.gov.br. As inscri\u00e7\u00f5es est\u00e3o dispon\u00edveis para toda a popula\u00e7\u00e3o acima de 18 anos.<\/p>\n\n\n\n<p>Segundo os dados da pasta estadual, 104,5% dos idosos a partir de 75 anos receberam a primeira dose da vacina. Os trabalhadores da sa\u00fade est\u00e3o em 71,87%. A quantidade de doses enviadas pelo Minist\u00e9rio da Sa\u00fade ainda \u00e9 insuficiente. Por isso, o Governo do Cear\u00e1 ainda espera a aquisi\u00e7\u00e3o de novas vacinas independentemente das demandadas pelo Governo Federal.<\/p>\n\n\n\n<figure class=\"wp-block-image size-large\"><img loading=\"lazy\" decoding=\"async\" width=\"723\" height=\"424\" src=\"https:\/\/blogdorogeriogomes.com.br\/wp-content\/uploads\/2021\/03\/images-95.jpeg\" alt=\"\" class=\"wp-image-20504\" srcset=\"https:\/\/blogdorogeriogomes.com.br\/noticias\/wp-content\/uploads\/2021\/03\/images-95.jpeg 723w, https:\/\/blogdorogeriogomes.com.br\/noticias\/wp-content\/uploads\/2021\/03\/images-95-300x176.jpeg 300w\" sizes=\"auto, (max-width: 723px) 100vw, 723px\" \/><\/figure>\n","protected":false},"excerpt":{"rendered":"<p>A Secretaria da Sa\u00fade do Cear\u00e1 confirmou nesta quarta-feira, dia 17 de mar\u00e7o, que mais de 75% dos grupos priorit\u00e1rios da Fase 1 do Programa Nacional de Imuniza\u00e7\u00e3o j\u00e1 receberam as doses da vacina contra a Covid-19 no Estado. No atual cen\u00e1rio, 81 munic\u00edpios cearenses, incluindo a capital Fortaleza, est\u00e3o preparadas para iniciar a segunda fase da imuniza\u00e7\u00e3o, que contempla idosos a partir dos 60 anos. Os pr\u00f3ximos passos ocorrer\u00e3o na medida em que novos lotes das vacinas chegarem.&hellip;<\/p>\n","protected":false},"author":1,"featured_media":20504,"comment_status":"open","ping_status":"open","sticky":false,"template":"","format":"standard","meta":{"footnotes":""},"categories":[1],"tags":[],"class_list":["post-20503","post","type-post","status-publish","format-standard","has-post-thumbnail","hentry","category-noticias"],"_links":{"self":[{"href":"https:\/\/blogdorogeriogomes.com.br\/noticias\/wp-json\/wp\/v2\/posts\/20503","targetHints":{"allow":["GET"]}}],"collection":[{"href":"https:\/\/blogdorogeriogomes.com.br\/noticias\/wp-json\/wp\/v2\/posts"}],"about":[{"href":"https:\/\/blogdorogeriogomes.com.br\/noticias\/wp-json\/wp\/v2\/types\/post"}],"author":[{"embeddable":true,"href":"https:\/\/blogdorogeriogomes.com.br\/noticias\/wp-json\/wp\/v2\/users\/1"}],"replies":[{"embeddable":true,"href":"https:\/\/blogdorogeriogomes.com.br\/noticias\/wp-json\/wp\/v2\/comments?post=20503"}],"version-history":[{"count":1,"href":"https:\/\/blogdorogeriogomes.com.br\/noticias\/wp-json\/wp\/v2\/posts\/20503\/revisions"}],"predecessor-version":[{"id":20505,"href":"https:\/\/blogdorogeriogomes.com.br\/noticias\/wp-json\/wp\/v2\/posts\/20503\/revisions\/20505"}],"wp:featuredmedia":[{"embeddable":true,"href":"https:\/\/blogdorogeriogomes.com.br\/noticias\/wp-json\/wp\/v2\/media\/20504"}],"wp:attachment":[{"href":"https:\/\/blogdorogeriogomes.com.br\/noticias\/wp-json\/wp\/v2\/media?parent=20503"}],"wp:term":[{"taxonomy":"category","embeddable":true,"href":"https:\/\/blogdorogeriogomes.com.br\/noticias\/wp-json\/wp\/v2\/categories?post=20503"},{"taxonomy":"post_tag","embeddable":true,"href":"https:\/\/blogdorogeriogomes.com.br\/noticias\/wp-json\/wp\/v2\/tags?post=20503"}],"curies":[{"name":"wp","href":"https:\/\/api.w.org\/{rel}","templated":true}]}}