{"id":20512,"date":"2021-03-18T17:15:41","date_gmt":"2021-03-18T17:15:41","guid":{"rendered":"https:\/\/blogdorogeriogomes.com.br\/?p=20512"},"modified":"2021-03-23T12:57:36","modified_gmt":"2021-03-23T12:57:36","slug":"saude-publica-no-ceara-chega-a-3-828-leitos-exclusivos-para-covid-19","status":"publish","type":"post","link":"https:\/\/blogdorogeriogomes.com.br\/noticias\/2021\/03\/saude-publica-no-ceara-chega-a-3-828-leitos-exclusivos-para-covid-19\/","title":{"rendered":"Sa\u00fade P\u00fablica no Cear\u00e1 chega a 3.828 leitos exclusivos para Covid-19"},"content":{"rendered":"\n<p>O governador Camilo Santana (PT) anunciou, por meio de suas redes sociais, que a rede estadual de Sa\u00fade no Cear\u00e1 chegou a 3.828 leitos exclusivos para atender pacientes com Covid-19. Ao todo, s\u00e3o 1.444 Unidades de Tratamento Intensivo (UTIs) e 2.684 enfermarias.<\/p>\n\n\n\n<p>O Hospital Geral de Fortaleza disp\u00f5e hoje de tr\u00eas unidades de campanha anexadas ao equipamento, com 103 leitos cl\u00ednicos. &#8220;Esses leitos est\u00e3o sendo disponibilizados para outros atendimentos, justamente para abrirmos espa\u00e7o dentro do HGF para o atendimento de Covid&#8221;, informou Camilo.<\/p>\n\n\n\n<p>O Governo do Cear\u00e1 trabalha ainda para a amplia\u00e7\u00e3o da rede p\u00fablica com leitos em Sobral, Juazeiro do Norte, Quixad\u00e1, Quixeramobim, Fortaleza e Regi\u00e3o Metropolitana, dentre outras localidades. No entanto, o governador pediu \u00e0 popula\u00e7\u00e3o que continue em isolamento e obedecendo ao lockdown para que os sistemas de Sa\u00fade n\u00e3o entrem em colapso.<\/p>\n\n\n\n<p>&#8220;Nossos profissionais t\u00eam trabalhado exaustivamente para salvar vidas. Com o grande aumento de casos, a ocupa\u00e7\u00e3o dos leitos tem ocorrido de forma muito r\u00e1pida. Por isso, as medidas de isolamento s\u00e3o fundamentais para frear esse crescimento. Essa \u00e9 a \u00fanica forma de evitarmos um cen\u00e1rio ainda mais grave no Cear\u00e1.&#8221;<\/p>\n\n\n\n<p>Na manh\u00e3 desta quinta-feira, dia 18 de mar\u00e7o, o governador realizou a primeira reuni\u00e3o com prefeitos de munic\u00edpios cearenses para debater medidas contra o avan\u00e7o da Covid-19 no territ\u00f3rio estadual. Os encontros ocorrem at\u00e9 s\u00e1bado, dia 20, envolvendo todos os gestores das macrorregi\u00f5es do Cear\u00e1. O primeiro dia contou com a participa\u00e7\u00e3o dos executivos de Sobral e localidades pr\u00f3ximas.<\/p>\n\n\n\n<figure class=\"wp-block-image size-large\"><img loading=\"lazy\" decoding=\"async\" width=\"600\" height=\"400\" src=\"https:\/\/blogdorogeriogomes.com.br\/wp-content\/uploads\/2021\/03\/images-97.jpeg\" alt=\"\" class=\"wp-image-20513\" srcset=\"https:\/\/blogdorogeriogomes.com.br\/noticias\/wp-content\/uploads\/2021\/03\/images-97.jpeg 600w, https:\/\/blogdorogeriogomes.com.br\/noticias\/wp-content\/uploads\/2021\/03\/images-97-300x200.jpeg 300w\" sizes=\"auto, (max-width: 600px) 100vw, 600px\" \/><\/figure>\n","protected":false},"excerpt":{"rendered":"<p>O governador Camilo Santana (PT) anunciou, por meio de suas redes sociais, que a rede estadual de Sa\u00fade no Cear\u00e1 chegou a 3.828 leitos exclusivos para atender pacientes com Covid-19. Ao todo, s\u00e3o 1.444 Unidades de Tratamento Intensivo (UTIs) e 2.684 enfermarias. O Hospital Geral de Fortaleza disp\u00f5e hoje de tr\u00eas unidades de campanha anexadas ao equipamento, com 103 leitos cl\u00ednicos. &#8220;Esses leitos est\u00e3o sendo disponibilizados para outros atendimentos, justamente para abrirmos espa\u00e7o dentro do HGF para o atendimento&hellip;<\/p>\n","protected":false},"author":1,"featured_media":20513,"comment_status":"open","ping_status":"open","sticky":false,"template":"","format":"standard","meta":{"footnotes":""},"categories":[1],"tags":[],"class_list":["post-20512","post","type-post","status-publish","format-standard","has-post-thumbnail","hentry","category-noticias"],"_links":{"self":[{"href":"https:\/\/blogdorogeriogomes.com.br\/noticias\/wp-json\/wp\/v2\/posts\/20512","targetHints":{"allow":["GET"]}}],"collection":[{"href":"https:\/\/blogdorogeriogomes.com.br\/noticias\/wp-json\/wp\/v2\/posts"}],"about":[{"href":"https:\/\/blogdorogeriogomes.com.br\/noticias\/wp-json\/wp\/v2\/types\/post"}],"author":[{"embeddable":true,"href":"https:\/\/blogdorogeriogomes.com.br\/noticias\/wp-json\/wp\/v2\/users\/1"}],"replies":[{"embeddable":true,"href":"https:\/\/blogdorogeriogomes.com.br\/noticias\/wp-json\/wp\/v2\/comments?post=20512"}],"version-history":[{"count":1,"href":"https:\/\/blogdorogeriogomes.com.br\/noticias\/wp-json\/wp\/v2\/posts\/20512\/revisions"}],"predecessor-version":[{"id":20514,"href":"https:\/\/blogdorogeriogomes.com.br\/noticias\/wp-json\/wp\/v2\/posts\/20512\/revisions\/20514"}],"wp:featuredmedia":[{"embeddable":true,"href":"https:\/\/blogdorogeriogomes.com.br\/noticias\/wp-json\/wp\/v2\/media\/20513"}],"wp:attachment":[{"href":"https:\/\/blogdorogeriogomes.com.br\/noticias\/wp-json\/wp\/v2\/media?parent=20512"}],"wp:term":[{"taxonomy":"category","embeddable":true,"href":"https:\/\/blogdorogeriogomes.com.br\/noticias\/wp-json\/wp\/v2\/categories?post=20512"},{"taxonomy":"post_tag","embeddable":true,"href":"https:\/\/blogdorogeriogomes.com.br\/noticias\/wp-json\/wp\/v2\/tags?post=20512"}],"curies":[{"name":"wp","href":"https:\/\/api.w.org\/{rel}","templated":true}]}}