{"id":20515,"date":"2021-03-18T17:24:56","date_gmt":"2021-03-18T17:24:56","guid":{"rendered":"https:\/\/blogdorogeriogomes.com.br\/?p=20515"},"modified":"2021-03-23T12:57:27","modified_gmt":"2021-03-23T12:57:27","slug":"sarto-abre-novos-leitos-no-ijf-e-pede-adesao-das-pessoas-ao-isolamento-rigido-nao-e-momento-para-adoecer","status":"publish","type":"post","link":"https:\/\/blogdorogeriogomes.com.br\/noticias\/2021\/03\/sarto-abre-novos-leitos-no-ijf-e-pede-adesao-das-pessoas-ao-isolamento-rigido-nao-e-momento-para-adoecer\/","title":{"rendered":"Sarto abre novos leitos no IJF e pede ades\u00e3o das pessoas ao isolamento r\u00edgido:  &#8220;N\u00e3o \u00e9 momento para adoecer&#8221;"},"content":{"rendered":"\n<p>O prefeito de Fortaleza, Sarto Nogueira (PDT), realizou nesta quinta-feira, dia 18 de mar\u00e7o, uma transmiss\u00e3o ao vivo nas redes sociais para alertar a popula\u00e7\u00e3o sobre a import\u00e2ncia de cumprir o isolamento r\u00edgido no atual cen\u00e1rio. Sarto chamou aten\u00e7\u00e3o sobre a falta de leitos nos hospitais e disse que ser\u00e1 muito dif\u00edcil conter a sobrecarga de pacientes com Covid-19 nos pr\u00f3ximos dias.<\/p>\n\n\n\n<p>&#8220;Este n\u00e3o \u00e9 o momento de adoecer, porque se adoecer vai ter dificuldade de encontrar um leito. Cumpra o isolamento. Evite sair de casa. Esse n\u00e3o \u00e9 o momento para adoecer. N\u00f3s estamos com uma sobrecarga nos hospitais p\u00fablicos e privados&#8221;, afirmou o prefeito de Fortaleza.<\/p>\n\n\n\n<p>A live foi transmitida diretamente do Instituto Doutor Jos\u00e9 Frota 2 (IJF), durante a entrega de 50 novos leitos para o atendimento exclusivo de pacientes com o novo coronav\u00edrus. A expans\u00e3o far\u00e1 com que a unidade tenha agora 204 leitos destinados aos casos da pandemia.<\/p>\n\n\n\n<p>&#8220;A gente precisa ampliar os nossos leitos, mas (as pessoas) precisam diminuir a circula\u00e7\u00e3o. Porque quanto mais diminuir a circula\u00e7\u00e3o de pessoas, mas diminui a circula\u00e7\u00e3o do v\u00edrus e transmiss\u00e3o passa a ser menor&#8221;, complementou Sarto.<\/p>\n\n\n\n<figure class=\"wp-block-image size-large\"><img loading=\"lazy\" decoding=\"async\" width=\"1024\" height=\"600\" src=\"https:\/\/blogdorogeriogomes.com.br\/wp-content\/uploads\/2021\/03\/IMG-20210318-WA0073-1024x600.jpg\" alt=\"\" class=\"wp-image-20516\" srcset=\"https:\/\/blogdorogeriogomes.com.br\/noticias\/wp-content\/uploads\/2021\/03\/IMG-20210318-WA0073-1024x600.jpg 1024w, https:\/\/blogdorogeriogomes.com.br\/noticias\/wp-content\/uploads\/2021\/03\/IMG-20210318-WA0073-300x176.jpg 300w, https:\/\/blogdorogeriogomes.com.br\/noticias\/wp-content\/uploads\/2021\/03\/IMG-20210318-WA0073-768x450.jpg 768w, https:\/\/blogdorogeriogomes.com.br\/noticias\/wp-content\/uploads\/2021\/03\/IMG-20210318-WA0073-800x469.jpg 800w, https:\/\/blogdorogeriogomes.com.br\/noticias\/wp-content\/uploads\/2021\/03\/IMG-20210318-WA0073.jpg 1280w\" sizes=\"auto, (max-width: 1024px) 100vw, 1024px\" \/><\/figure>\n","protected":false},"excerpt":{"rendered":"<p>O prefeito de Fortaleza, Sarto Nogueira (PDT), realizou nesta quinta-feira, dia 18 de mar\u00e7o, uma transmiss\u00e3o ao vivo nas redes sociais para alertar a popula\u00e7\u00e3o sobre a import\u00e2ncia de cumprir o isolamento r\u00edgido no atual cen\u00e1rio. Sarto chamou aten\u00e7\u00e3o sobre a falta de leitos nos hospitais e disse que ser\u00e1 muito dif\u00edcil conter a sobrecarga de pacientes com Covid-19 nos pr\u00f3ximos dias. &#8220;Este n\u00e3o \u00e9 o momento de adoecer, porque se adoecer vai ter dificuldade de encontrar um leito.&hellip;<\/p>\n","protected":false},"author":1,"featured_media":20516,"comment_status":"open","ping_status":"open","sticky":false,"template":"","format":"standard","meta":{"footnotes":""},"categories":[1],"tags":[],"class_list":["post-20515","post","type-post","status-publish","format-standard","has-post-thumbnail","hentry","category-noticias"],"_links":{"self":[{"href":"https:\/\/blogdorogeriogomes.com.br\/noticias\/wp-json\/wp\/v2\/posts\/20515","targetHints":{"allow":["GET"]}}],"collection":[{"href":"https:\/\/blogdorogeriogomes.com.br\/noticias\/wp-json\/wp\/v2\/posts"}],"about":[{"href":"https:\/\/blogdorogeriogomes.com.br\/noticias\/wp-json\/wp\/v2\/types\/post"}],"author":[{"embeddable":true,"href":"https:\/\/blogdorogeriogomes.com.br\/noticias\/wp-json\/wp\/v2\/users\/1"}],"replies":[{"embeddable":true,"href":"https:\/\/blogdorogeriogomes.com.br\/noticias\/wp-json\/wp\/v2\/comments?post=20515"}],"version-history":[{"count":1,"href":"https:\/\/blogdorogeriogomes.com.br\/noticias\/wp-json\/wp\/v2\/posts\/20515\/revisions"}],"predecessor-version":[{"id":20517,"href":"https:\/\/blogdorogeriogomes.com.br\/noticias\/wp-json\/wp\/v2\/posts\/20515\/revisions\/20517"}],"wp:featuredmedia":[{"embeddable":true,"href":"https:\/\/blogdorogeriogomes.com.br\/noticias\/wp-json\/wp\/v2\/media\/20516"}],"wp:attachment":[{"href":"https:\/\/blogdorogeriogomes.com.br\/noticias\/wp-json\/wp\/v2\/media?parent=20515"}],"wp:term":[{"taxonomy":"category","embeddable":true,"href":"https:\/\/blogdorogeriogomes.com.br\/noticias\/wp-json\/wp\/v2\/categories?post=20515"},{"taxonomy":"post_tag","embeddable":true,"href":"https:\/\/blogdorogeriogomes.com.br\/noticias\/wp-json\/wp\/v2\/tags?post=20515"}],"curies":[{"name":"wp","href":"https:\/\/api.w.org\/{rel}","templated":true}]}}