{"id":20518,"date":"2021-03-18T23:22:22","date_gmt":"2021-03-18T23:22:22","guid":{"rendered":"https:\/\/blogdorogeriogomes.com.br\/?p=20518"},"modified":"2021-03-23T12:57:18","modified_gmt":"2021-03-23T12:57:18","slug":"governador-anuncia-dispensa-de-dois-meses-da-conta-de-energia-para-500-mil-familias-e-que-81-municipios-ja-poderao-iniciar-a-vacinacao-de-idosos-entre-70-e-75-anos","status":"publish","type":"post","link":"https:\/\/blogdorogeriogomes.com.br\/noticias\/2021\/03\/governador-anuncia-dispensa-de-dois-meses-da-conta-de-energia-para-500-mil-familias-e-que-81-municipios-ja-poderao-iniciar-a-vacinacao-de-idosos-entre-70-e-75-anos\/","title":{"rendered":"Governador anuncia dispensa de dois meses da conta de energia para 500 mil fam\u00edlias e que 81 munic\u00edpios j\u00e1 poder\u00e3o iniciar a vacina\u00e7\u00e3o de idosos entre 70 e 75 anos"},"content":{"rendered":"\n<p>O governador do Cear\u00e1, Camilo Santana (PT), anunciou que o Governo Estadual vai pagar as contas de energia el\u00e9trica de abril e maio de resid\u00eancias que consomem at\u00e9 100 kWh (quilowatts-hora) por m\u00eas. Isso beneficia cerca de 500 mil fam\u00edlias carentes no Estado. \u00c9 uma forma de amenizar os preju\u00edzos causados pela pandemia da Covid-19. Camilo j\u00e1 tinha garantido tamb\u00e9m o pagamento das contas de \u00e1gua de abril e maio de fam\u00edlias que consomem at\u00e9 100 metros c\u00fabicos por m\u00eas, ap\u00f3s decis\u00e3o conjunta com a Cagece.<\/p>\n\n\n\n<p>Na noite desta quinta-feira, dia 18 de mar\u00e7o, o governador Camilo Santana tamb\u00e9m confirmou que Fortaleza come\u00e7ar\u00e1 a vacinar pessoas abaixo de 75 anos. Segundo a Secretaria de Sa\u00fade do Estado, 81 munic\u00edpios do Cear\u00e1 j\u00e1 podem iniciar a segunda fase de vacina\u00e7\u00e3o, porque j\u00e1 ultrapassaram 80% da vacina\u00e7\u00e3o do grupo de idosos acima de 75 anos.<\/p>\n\n\n\n<p>Para a segunda fase, que ainda n\u00e3o teve a data estipulada para come\u00e7ar, ser\u00e3o vacinados primeiramente os idosos entre 70 e 75 anos, depois entre 65 e 70 anos, e por fim entre 60 e 65 anos.<\/p>\n\n\n\n<figure class=\"wp-block-image size-large\"><img loading=\"lazy\" decoding=\"async\" width=\"1024\" height=\"683\" src=\"https:\/\/blogdorogeriogomes.com.br\/wp-content\/uploads\/2021\/03\/001_T-1200x800-1-1024x683.jpg\" alt=\"\" class=\"wp-image-20519\" srcset=\"https:\/\/blogdorogeriogomes.com.br\/noticias\/wp-content\/uploads\/2021\/03\/001_T-1200x800-1-1024x683.jpg 1024w, https:\/\/blogdorogeriogomes.com.br\/noticias\/wp-content\/uploads\/2021\/03\/001_T-1200x800-1-300x200.jpg 300w, https:\/\/blogdorogeriogomes.com.br\/noticias\/wp-content\/uploads\/2021\/03\/001_T-1200x800-1-768x512.jpg 768w, https:\/\/blogdorogeriogomes.com.br\/noticias\/wp-content\/uploads\/2021\/03\/001_T-1200x800-1-800x533.jpg 800w, https:\/\/blogdorogeriogomes.com.br\/noticias\/wp-content\/uploads\/2021\/03\/001_T-1200x800-1.jpg 1200w\" sizes=\"auto, (max-width: 1024px) 100vw, 1024px\" \/><\/figure>\n\n\n\n<p><\/p>\n","protected":false},"excerpt":{"rendered":"<p>O governador do Cear\u00e1, Camilo Santana (PT), anunciou que o Governo Estadual vai pagar as contas de energia el\u00e9trica de abril e maio de resid\u00eancias que consomem at\u00e9 100 kWh (quilowatts-hora) por m\u00eas. Isso beneficia cerca de 500 mil fam\u00edlias carentes no Estado. \u00c9 uma forma de amenizar os preju\u00edzos causados pela pandemia da Covid-19. Camilo j\u00e1 tinha garantido tamb\u00e9m o pagamento das contas de \u00e1gua de abril e maio de fam\u00edlias que consomem at\u00e9 100 metros c\u00fabicos por&hellip;<\/p>\n","protected":false},"author":1,"featured_media":20519,"comment_status":"open","ping_status":"open","sticky":false,"template":"","format":"standard","meta":{"footnotes":""},"categories":[1],"tags":[],"class_list":["post-20518","post","type-post","status-publish","format-standard","has-post-thumbnail","hentry","category-noticias"],"_links":{"self":[{"href":"https:\/\/blogdorogeriogomes.com.br\/noticias\/wp-json\/wp\/v2\/posts\/20518","targetHints":{"allow":["GET"]}}],"collection":[{"href":"https:\/\/blogdorogeriogomes.com.br\/noticias\/wp-json\/wp\/v2\/posts"}],"about":[{"href":"https:\/\/blogdorogeriogomes.com.br\/noticias\/wp-json\/wp\/v2\/types\/post"}],"author":[{"embeddable":true,"href":"https:\/\/blogdorogeriogomes.com.br\/noticias\/wp-json\/wp\/v2\/users\/1"}],"replies":[{"embeddable":true,"href":"https:\/\/blogdorogeriogomes.com.br\/noticias\/wp-json\/wp\/v2\/comments?post=20518"}],"version-history":[{"count":1,"href":"https:\/\/blogdorogeriogomes.com.br\/noticias\/wp-json\/wp\/v2\/posts\/20518\/revisions"}],"predecessor-version":[{"id":20520,"href":"https:\/\/blogdorogeriogomes.com.br\/noticias\/wp-json\/wp\/v2\/posts\/20518\/revisions\/20520"}],"wp:featuredmedia":[{"embeddable":true,"href":"https:\/\/blogdorogeriogomes.com.br\/noticias\/wp-json\/wp\/v2\/media\/20519"}],"wp:attachment":[{"href":"https:\/\/blogdorogeriogomes.com.br\/noticias\/wp-json\/wp\/v2\/media?parent=20518"}],"wp:term":[{"taxonomy":"category","embeddable":true,"href":"https:\/\/blogdorogeriogomes.com.br\/noticias\/wp-json\/wp\/v2\/categories?post=20518"},{"taxonomy":"post_tag","embeddable":true,"href":"https:\/\/blogdorogeriogomes.com.br\/noticias\/wp-json\/wp\/v2\/tags?post=20518"}],"curies":[{"name":"wp","href":"https:\/\/api.w.org\/{rel}","templated":true}]}}