{"id":20521,"date":"2021-03-19T10:16:53","date_gmt":"2021-03-19T10:16:53","guid":{"rendered":"https:\/\/blogdorogeriogomes.com.br\/?p=20521"},"modified":"2021-03-23T12:57:09","modified_gmt":"2021-03-23T12:57:09","slug":"bolsonaro-entra-com-acao-no-stf-contra-governadores-e-prefeitos-que-impoem-medidas-restritivas-tudo-em-meio-ao-colapso-da-saude-que-caminha-para-3-mil-mortes-diarias","status":"publish","type":"post","link":"https:\/\/blogdorogeriogomes.com.br\/noticias\/2021\/03\/bolsonaro-entra-com-acao-no-stf-contra-governadores-e-prefeitos-que-impoem-medidas-restritivas-tudo-em-meio-ao-colapso-da-saude-que-caminha-para-3-mil-mortes-diarias\/","title":{"rendered":"Bolsonaro entra com a\u00e7\u00e3o no STF contra governadores e prefeitos que imp\u00f5em medidas restritivas. Tudo em meio ao colapso da sa\u00fade que caminha para 3 mil mortes di\u00e1rias"},"content":{"rendered":"\n<p>A insensibilidade do Governo Bolsonaro diante do quadro de colapso na rede hospitalar, beira o rid\u00edculo. Nesta quinta-feira, dia 18 de mar\u00e7o, em sua live semanal, o presidente Jair Bolsonaro afirmou que seu governo entrou com uma a\u00e7\u00e3o direta de inconstitucionalidade (ADI) no Supremo Tribunal Federal contra decretos de governadores e prefeitos, que estabelecem medidas restritivas no combate \u00e0 pandemia da covid-19. Segundo Bolsonaro, alguns governadores e prefeitos s\u00e3o &#8220;projetos de ditadores&#8221;.<\/p>\n\n\n\n<p>Por outro lado, o governo brasileiro intensifica uma ofensiva no exterior para tentar desfazer a imagem de que a pandemia est\u00e1 fora de controle. Hoje, o Brasil \u00e9 considerado o &#8220;cemit\u00e9rio do mundo&#8221;, com mais de 20% das mortes no planeta pela Covid-19 na \u00faltima semana. O Pa\u00eds passou a ser alvo de cr\u00edticas por parte de ind\u00edgenas, da OMS, ativistas de direitos humanos e ambientalistas, al\u00e9m de governos estrangeiros.<\/p>\n\n\n\n<p>Pesquisa Datafolha mostra que 79% dos brasileiros acham que a pandemia est\u00e1 sem controle, no momento em que foram registradas 2.659 novas mortes por coronav\u00edrus em todo o pa\u00eds, nas \u00faltimas 24 horas. E, segundo os infectologistas, caminhamos para 3 mil mortes di\u00e1rias, enquanto temos dois &#8220;ministros da Sa\u00fade&#8221; apenas com discursos e pouca a\u00e7\u00e3o. O cen\u00e1rio \u00e9 de hospitais lotados, amea\u00e7a de falta de rem\u00e9dios e insumos, al\u00e9m de pouca oferta de vacinas. <\/p>\n\n\n\n<figure class=\"wp-block-image size-large\"><img loading=\"lazy\" decoding=\"async\" width=\"678\" height=\"452\" src=\"https:\/\/blogdorogeriogomes.com.br\/wp-content\/uploads\/2021\/03\/images-100.jpeg\" alt=\"\" class=\"wp-image-20522\" srcset=\"https:\/\/blogdorogeriogomes.com.br\/noticias\/wp-content\/uploads\/2021\/03\/images-100.jpeg 678w, https:\/\/blogdorogeriogomes.com.br\/noticias\/wp-content\/uploads\/2021\/03\/images-100-300x200.jpeg 300w\" sizes=\"auto, (max-width: 678px) 100vw, 678px\" \/><\/figure>\n","protected":false},"excerpt":{"rendered":"<p>A insensibilidade do Governo Bolsonaro diante do quadro de colapso na rede hospitalar, beira o rid\u00edculo. Nesta quinta-feira, dia 18 de mar\u00e7o, em sua live semanal, o presidente Jair Bolsonaro afirmou que seu governo entrou com uma a\u00e7\u00e3o direta de inconstitucionalidade (ADI) no Supremo Tribunal Federal contra decretos de governadores e prefeitos, que estabelecem medidas restritivas no combate \u00e0 pandemia da covid-19. Segundo Bolsonaro, alguns governadores e prefeitos s\u00e3o &#8220;projetos de ditadores&#8221;. Por outro lado, o governo brasileiro intensifica&hellip;<\/p>\n","protected":false},"author":1,"featured_media":20522,"comment_status":"open","ping_status":"open","sticky":false,"template":"","format":"standard","meta":{"footnotes":""},"categories":[1],"tags":[],"class_list":["post-20521","post","type-post","status-publish","format-standard","has-post-thumbnail","hentry","category-noticias"],"_links":{"self":[{"href":"https:\/\/blogdorogeriogomes.com.br\/noticias\/wp-json\/wp\/v2\/posts\/20521","targetHints":{"allow":["GET"]}}],"collection":[{"href":"https:\/\/blogdorogeriogomes.com.br\/noticias\/wp-json\/wp\/v2\/posts"}],"about":[{"href":"https:\/\/blogdorogeriogomes.com.br\/noticias\/wp-json\/wp\/v2\/types\/post"}],"author":[{"embeddable":true,"href":"https:\/\/blogdorogeriogomes.com.br\/noticias\/wp-json\/wp\/v2\/users\/1"}],"replies":[{"embeddable":true,"href":"https:\/\/blogdorogeriogomes.com.br\/noticias\/wp-json\/wp\/v2\/comments?post=20521"}],"version-history":[{"count":1,"href":"https:\/\/blogdorogeriogomes.com.br\/noticias\/wp-json\/wp\/v2\/posts\/20521\/revisions"}],"predecessor-version":[{"id":20523,"href":"https:\/\/blogdorogeriogomes.com.br\/noticias\/wp-json\/wp\/v2\/posts\/20521\/revisions\/20523"}],"wp:featuredmedia":[{"embeddable":true,"href":"https:\/\/blogdorogeriogomes.com.br\/noticias\/wp-json\/wp\/v2\/media\/20522"}],"wp:attachment":[{"href":"https:\/\/blogdorogeriogomes.com.br\/noticias\/wp-json\/wp\/v2\/media?parent=20521"}],"wp:term":[{"taxonomy":"category","embeddable":true,"href":"https:\/\/blogdorogeriogomes.com.br\/noticias\/wp-json\/wp\/v2\/categories?post=20521"},{"taxonomy":"post_tag","embeddable":true,"href":"https:\/\/blogdorogeriogomes.com.br\/noticias\/wp-json\/wp\/v2\/tags?post=20521"}],"curies":[{"name":"wp","href":"https:\/\/api.w.org\/{rel}","templated":true}]}}