{"id":20524,"date":"2021-03-19T10:43:47","date_gmt":"2021-03-19T10:43:47","guid":{"rendered":"https:\/\/blogdorogeriogomes.com.br\/?p=20524"},"modified":"2021-03-23T12:57:00","modified_gmt":"2021-03-23T12:57:00","slug":"falta-de-remedios-para-intubacao-de-pacientes-preocupa-os-governadores-de-todo-o-pais","status":"publish","type":"post","link":"https:\/\/blogdorogeriogomes.com.br\/noticias\/2021\/03\/falta-de-remedios-para-intubacao-de-pacientes-preocupa-os-governadores-de-todo-o-pais\/","title":{"rendered":"Falta de rem\u00e9dios para intuba\u00e7\u00e3o de pacientes preocupa os governadores de todo o Pa\u00eds"},"content":{"rendered":"\n<p>Nos hospitais p\u00fablicos e privados de todo o Pa\u00eds prevalece o cansa\u00e7o de profissionais de sa\u00fade que est\u00e3o na linha de frente para o tratamento de pacientes com a Covid-19. Se n\u00e3o bastasse o problema da falta de leitos de UTI, agora o desafio \u00e9 enfrentar a escassez de medicamentos como bloqueadores neuromusculares, anest\u00e9sicos e sedativos utilizados nas UTIs, fundamentais para o procedimento de intuba\u00e7\u00e3o que pode salvar o paciente com falta de ar. Por falta de planejamento do Minist\u00e9rio da Sa\u00fade em fazer a compra dos rem\u00e9dios, h\u00e1 car\u00eancia da medica\u00e7\u00e3o em todo o Pa\u00eds. <\/p>\n\n\n\n<p>O F\u00f3rum Nacional de Governadores encaminhou um of\u00edcio ao Governo Federal, nesta quinta-feira, dia 18 de mar\u00e7o, alertando para problemas no abastecimento de medicamentos utilizados em UTIs. Treze governadores assinaram o documento solicitando a compra emergencial de 11 medicamentos cujos estoques se encontram no fim.&nbsp;Os governadores pedem tamb\u00e9m a compra de medicamentos no exterior.<\/p>\n\n\n\n<figure class=\"wp-block-image size-large\"><img loading=\"lazy\" decoding=\"async\" width=\"678\" height=\"452\" src=\"https:\/\/blogdorogeriogomes.com.br\/wp-content\/uploads\/2021\/03\/images-2021-03-19T073613.016.jpeg\" alt=\"\" class=\"wp-image-20525\" srcset=\"https:\/\/blogdorogeriogomes.com.br\/noticias\/wp-content\/uploads\/2021\/03\/images-2021-03-19T073613.016.jpeg 678w, https:\/\/blogdorogeriogomes.com.br\/noticias\/wp-content\/uploads\/2021\/03\/images-2021-03-19T073613.016-300x200.jpeg 300w\" sizes=\"auto, (max-width: 678px) 100vw, 678px\" \/><\/figure>\n","protected":false},"excerpt":{"rendered":"<p>Nos hospitais p\u00fablicos e privados de todo o Pa\u00eds prevalece o cansa\u00e7o de profissionais de sa\u00fade que est\u00e3o na linha de frente para o tratamento de pacientes com a Covid-19. Se n\u00e3o bastasse o problema da falta de leitos de UTI, agora o desafio \u00e9 enfrentar a escassez de medicamentos como bloqueadores neuromusculares, anest\u00e9sicos e sedativos utilizados nas UTIs, fundamentais para o procedimento de intuba\u00e7\u00e3o que pode salvar o paciente com falta de ar. Por falta de planejamento do&hellip;<\/p>\n","protected":false},"author":1,"featured_media":20525,"comment_status":"open","ping_status":"open","sticky":false,"template":"","format":"standard","meta":{"footnotes":""},"categories":[1],"tags":[],"class_list":["post-20524","post","type-post","status-publish","format-standard","has-post-thumbnail","hentry","category-noticias"],"_links":{"self":[{"href":"https:\/\/blogdorogeriogomes.com.br\/noticias\/wp-json\/wp\/v2\/posts\/20524","targetHints":{"allow":["GET"]}}],"collection":[{"href":"https:\/\/blogdorogeriogomes.com.br\/noticias\/wp-json\/wp\/v2\/posts"}],"about":[{"href":"https:\/\/blogdorogeriogomes.com.br\/noticias\/wp-json\/wp\/v2\/types\/post"}],"author":[{"embeddable":true,"href":"https:\/\/blogdorogeriogomes.com.br\/noticias\/wp-json\/wp\/v2\/users\/1"}],"replies":[{"embeddable":true,"href":"https:\/\/blogdorogeriogomes.com.br\/noticias\/wp-json\/wp\/v2\/comments?post=20524"}],"version-history":[{"count":2,"href":"https:\/\/blogdorogeriogomes.com.br\/noticias\/wp-json\/wp\/v2\/posts\/20524\/revisions"}],"predecessor-version":[{"id":20557,"href":"https:\/\/blogdorogeriogomes.com.br\/noticias\/wp-json\/wp\/v2\/posts\/20524\/revisions\/20557"}],"wp:featuredmedia":[{"embeddable":true,"href":"https:\/\/blogdorogeriogomes.com.br\/noticias\/wp-json\/wp\/v2\/media\/20525"}],"wp:attachment":[{"href":"https:\/\/blogdorogeriogomes.com.br\/noticias\/wp-json\/wp\/v2\/media?parent=20524"}],"wp:term":[{"taxonomy":"category","embeddable":true,"href":"https:\/\/blogdorogeriogomes.com.br\/noticias\/wp-json\/wp\/v2\/categories?post=20524"},{"taxonomy":"post_tag","embeddable":true,"href":"https:\/\/blogdorogeriogomes.com.br\/noticias\/wp-json\/wp\/v2\/tags?post=20524"}],"curies":[{"name":"wp","href":"https:\/\/api.w.org\/{rel}","templated":true}]}}