{"id":20527,"date":"2021-03-19T23:21:33","date_gmt":"2021-03-19T23:21:33","guid":{"rendered":"https:\/\/blogdorogeriogomes.com.br\/?p=20527"},"modified":"2021-03-23T12:56:49","modified_gmt":"2021-03-23T12:56:49","slug":"isolamento-rigido-e-prorrogado-nos-municipios-do-ceara-ate-o-dia-28-de-marco","status":"publish","type":"post","link":"https:\/\/blogdorogeriogomes.com.br\/noticias\/2021\/03\/isolamento-rigido-e-prorrogado-nos-municipios-do-ceara-ate-o-dia-28-de-marco\/","title":{"rendered":"Isolamento r\u00edgido \u00e9 prorrogado nos munic\u00edpios do Cear\u00e1 at\u00e9 o dia 28 de mar\u00e7o"},"content":{"rendered":"\n<p>O governador Camilo Santana (PT) anunciou, nesta sexta-feira, dia 19 de mar\u00e7o, ap\u00f3s reuni\u00e3o do Comit\u00ea Estadual de Enfrentamento ao Coronav\u00edrus, que o isolamento r\u00edgido ser\u00e1 prorrogado por mais uma semana no Cear\u00e1. Assim, a medida seguir\u00e1 v\u00e1lida nos munic\u00edpios cearenses at\u00e9 o dia 28 de mar\u00e7o. Todas as medidas de isolamento social r\u00edgido seguem renovadas pelo novo decreto, que entra em vigor a partir deste domingo, dia 21 \u2013 data em que se encerra o primeiro per\u00edodo decretado pelo governo. O Cear\u00e1 \u00e9 o \u00fanico estado brasileiro a adotar isolamento r\u00edgido em todo o seu territ\u00f3rio.<br>A decis\u00e3o foi tomada pelo poder executivo estadual ap\u00f3s uma semana de intensa alta de casos da Covid-19 em todo o Estado. A taxa de ocupa\u00e7\u00e3o de leitos de Unidades de Tratamento Intensivo (UTIs) ultrapassou os 90%, com s\u00e9rio risco de colapso nas redes de sa\u00fade privada e p\u00fablica. Camilo observou que a manuten\u00e7\u00e3o do lockdown, aliada a abertura de novos leitos pelo Governo do Cear\u00e1, tornar\u00e1 poss\u00edvel a redu\u00e7\u00e3o do n\u00famero de casos e o controle nos atendimentos nas unidades hospitalares.<br>&#8220;A situa\u00e7\u00e3o \u00e9 grave. A pandemia est\u00e1 ocorrendo em todo o Estado do Cear\u00e1 ao mesmo tempo&#8221;, alertou Camilo. O governador tamb\u00e9m ressaltou que est\u00e1 trabalhando para a aquisi\u00e7\u00e3o de mais doses de vacinas para a popula\u00e7\u00e3o, incluindo a compra de 5,87 milh\u00f5es de doses da russa Sputnik V, e que a imuniza\u00e7\u00e3o ser\u00e1 o \u00fanico caminho para sair desta pandemia. At\u00e9 o momento, 494 mil casos de Covid-19 foram registrados no Cear\u00e1.<\/p>\n\n\n\n<figure class=\"wp-block-image size-large\"><img loading=\"lazy\" decoding=\"async\" width=\"678\" height=\"452\" src=\"https:\/\/blogdorogeriogomes.com.br\/wp-content\/uploads\/2021\/03\/images-2021-03-19T201047.633.jpeg\" alt=\"\" class=\"wp-image-20528\" srcset=\"https:\/\/blogdorogeriogomes.com.br\/noticias\/wp-content\/uploads\/2021\/03\/images-2021-03-19T201047.633.jpeg 678w, https:\/\/blogdorogeriogomes.com.br\/noticias\/wp-content\/uploads\/2021\/03\/images-2021-03-19T201047.633-300x200.jpeg 300w\" sizes=\"auto, (max-width: 678px) 100vw, 678px\" \/><\/figure>\n","protected":false},"excerpt":{"rendered":"<p>O governador Camilo Santana (PT) anunciou, nesta sexta-feira, dia 19 de mar\u00e7o, ap\u00f3s reuni\u00e3o do Comit\u00ea Estadual de Enfrentamento ao Coronav\u00edrus, que o isolamento r\u00edgido ser\u00e1 prorrogado por mais uma semana no Cear\u00e1. Assim, a medida seguir\u00e1 v\u00e1lida nos munic\u00edpios cearenses at\u00e9 o dia 28 de mar\u00e7o. Todas as medidas de isolamento social r\u00edgido seguem renovadas pelo novo decreto, que entra em vigor a partir deste domingo, dia 21 \u2013 data em que se encerra o primeiro per\u00edodo decretado&hellip;<\/p>\n","protected":false},"author":1,"featured_media":20528,"comment_status":"open","ping_status":"open","sticky":false,"template":"","format":"standard","meta":{"footnotes":""},"categories":[1],"tags":[],"class_list":["post-20527","post","type-post","status-publish","format-standard","has-post-thumbnail","hentry","category-noticias"],"_links":{"self":[{"href":"https:\/\/blogdorogeriogomes.com.br\/noticias\/wp-json\/wp\/v2\/posts\/20527","targetHints":{"allow":["GET"]}}],"collection":[{"href":"https:\/\/blogdorogeriogomes.com.br\/noticias\/wp-json\/wp\/v2\/posts"}],"about":[{"href":"https:\/\/blogdorogeriogomes.com.br\/noticias\/wp-json\/wp\/v2\/types\/post"}],"author":[{"embeddable":true,"href":"https:\/\/blogdorogeriogomes.com.br\/noticias\/wp-json\/wp\/v2\/users\/1"}],"replies":[{"embeddable":true,"href":"https:\/\/blogdorogeriogomes.com.br\/noticias\/wp-json\/wp\/v2\/comments?post=20527"}],"version-history":[{"count":1,"href":"https:\/\/blogdorogeriogomes.com.br\/noticias\/wp-json\/wp\/v2\/posts\/20527\/revisions"}],"predecessor-version":[{"id":20529,"href":"https:\/\/blogdorogeriogomes.com.br\/noticias\/wp-json\/wp\/v2\/posts\/20527\/revisions\/20529"}],"wp:featuredmedia":[{"embeddable":true,"href":"https:\/\/blogdorogeriogomes.com.br\/noticias\/wp-json\/wp\/v2\/media\/20528"}],"wp:attachment":[{"href":"https:\/\/blogdorogeriogomes.com.br\/noticias\/wp-json\/wp\/v2\/media?parent=20527"}],"wp:term":[{"taxonomy":"category","embeddable":true,"href":"https:\/\/blogdorogeriogomes.com.br\/noticias\/wp-json\/wp\/v2\/categories?post=20527"},{"taxonomy":"post_tag","embeddable":true,"href":"https:\/\/blogdorogeriogomes.com.br\/noticias\/wp-json\/wp\/v2\/tags?post=20527"}],"curies":[{"name":"wp","href":"https:\/\/api.w.org\/{rel}","templated":true}]}}