{"id":20530,"date":"2021-03-20T11:16:08","date_gmt":"2021-03-20T11:16:08","guid":{"rendered":"https:\/\/blogdorogeriogomes.com.br\/?p=20530"},"modified":"2021-03-23T12:56:28","modified_gmt":"2021-03-23T12:56:28","slug":"oposicao-pressiona-bolsonaro-e-ministerio-da-justica-tenta-intimidar-quem-critica-o-presidente","status":"publish","type":"post","link":"https:\/\/blogdorogeriogomes.com.br\/noticias\/2021\/03\/oposicao-pressiona-bolsonaro-e-ministerio-da-justica-tenta-intimidar-quem-critica-o-presidente\/","title":{"rendered":"Oposi\u00e7\u00e3o pressiona Bolsonaro e Minist\u00e9rio da Justi\u00e7a tenta intimidar quem critica o presidente"},"content":{"rendered":"\n<p>A semana que passou foi de v\u00e1rias a\u00e7\u00f5es do Minist\u00e9rio da Justi\u00e7a contra quem critica o presidente Jair Bolsonaro nas redes sociais, diante do negacionismo dele e da m\u00e1 condu\u00e7\u00e3o do enfrentamento da pandemia da Covid-19. Manifestantes em Bras\u00edlia foram detidos e o youtuber Felipe Neto foi chamado \u00e0 delegacia no Rio de Janeiro por classificar Bolsonaro de &#8220;genocida&#8221;. Posteriormente, uma ju\u00edza de primeira inst\u00e2ncia anulou o inqu\u00e9rito que estava sendo instaurado contra o youtuber, coberto de irregularidades.<\/p>\n\n\n\n<p>Agora foi a vez do ex-ministro Ciro Gomes (PDT) virar alvo da Pol\u00edcia Federal por criticar o presidente Jair Bolsonaro. O pedido de abertura de inqu\u00e9rito foi assinado pelo pr\u00f3prio presidente da Rep\u00fablica, por meio da Subchefia de Assuntos Jur\u00eddicos da Secretaria-Geral da Presid\u00eancia, e conduzido pelo ministro da Justi\u00e7a, Andr\u00e9 Mendon\u00e7a. O motivo \u00e9 que Ciro Gomes, em entrevista a uma emissora de r\u00e1dio de Sobral, disse que mostrava um sentimento de &#8220;rep\u00fadio ao bolsonarismo, \u00e0 sua bo\u00e7alidade, \u00e0 sua incapacidade de administrar a economia do Pa\u00eds e seu desrespeito \u00e0 sa\u00fade p\u00fablica&#8221;.<\/p>\n\n\n\n<p>Mesmo com a intimida\u00e7\u00e3o, outros setores da oposi\u00e7\u00e3o tamb\u00e9m continuam a denunciar a incompet\u00eancia do governo brasileiro diante da pandemia. Em entrevista ao jornal franc\u00eas &#8220;Le Monde&#8221;, o ex-presidente Lula (PT) disse que o povo brasileiro &#8220;nunca&#8221; sofreu como agora, chamou o presidente Jair Bolsonaro de &#8220;genocida&#8221; e classificou o combate \u00e0 covid-19 como a &#8220;3\u00aa Guerra Mundial&#8221;.<\/p>\n\n\n\n<p>No Congresso Nacional, parlamentares tamb\u00e9m j\u00e1 mostram insatisfa\u00e7\u00e3o com a forma de Bolsonaro conduzir o processo de enfrentamento ao coronav\u00edrus.  <\/p>\n\n\n\n<figure class=\"wp-block-image size-large\"><img loading=\"lazy\" decoding=\"async\" width=\"678\" height=\"452\" src=\"https:\/\/blogdorogeriogomes.com.br\/wp-content\/uploads\/2021\/03\/images-2021-03-20T075929.648.jpeg\" alt=\"\" class=\"wp-image-20531\" srcset=\"https:\/\/blogdorogeriogomes.com.br\/noticias\/wp-content\/uploads\/2021\/03\/images-2021-03-20T075929.648.jpeg 678w, https:\/\/blogdorogeriogomes.com.br\/noticias\/wp-content\/uploads\/2021\/03\/images-2021-03-20T075929.648-300x200.jpeg 300w\" sizes=\"auto, (max-width: 678px) 100vw, 678px\" \/><\/figure>\n","protected":false},"excerpt":{"rendered":"<p>A semana que passou foi de v\u00e1rias a\u00e7\u00f5es do Minist\u00e9rio da Justi\u00e7a contra quem critica o presidente Jair Bolsonaro nas redes sociais, diante do negacionismo dele e da m\u00e1 condu\u00e7\u00e3o do enfrentamento da pandemia da Covid-19. Manifestantes em Bras\u00edlia foram detidos e o youtuber Felipe Neto foi chamado \u00e0 delegacia no Rio de Janeiro por classificar Bolsonaro de &#8220;genocida&#8221;. Posteriormente, uma ju\u00edza de primeira inst\u00e2ncia anulou o inqu\u00e9rito que estava sendo instaurado contra o youtuber, coberto de irregularidades. Agora&hellip;<\/p>\n","protected":false},"author":1,"featured_media":20531,"comment_status":"open","ping_status":"open","sticky":false,"template":"","format":"standard","meta":{"footnotes":""},"categories":[1],"tags":[],"class_list":["post-20530","post","type-post","status-publish","format-standard","has-post-thumbnail","hentry","category-noticias"],"_links":{"self":[{"href":"https:\/\/blogdorogeriogomes.com.br\/noticias\/wp-json\/wp\/v2\/posts\/20530","targetHints":{"allow":["GET"]}}],"collection":[{"href":"https:\/\/blogdorogeriogomes.com.br\/noticias\/wp-json\/wp\/v2\/posts"}],"about":[{"href":"https:\/\/blogdorogeriogomes.com.br\/noticias\/wp-json\/wp\/v2\/types\/post"}],"author":[{"embeddable":true,"href":"https:\/\/blogdorogeriogomes.com.br\/noticias\/wp-json\/wp\/v2\/users\/1"}],"replies":[{"embeddable":true,"href":"https:\/\/blogdorogeriogomes.com.br\/noticias\/wp-json\/wp\/v2\/comments?post=20530"}],"version-history":[{"count":1,"href":"https:\/\/blogdorogeriogomes.com.br\/noticias\/wp-json\/wp\/v2\/posts\/20530\/revisions"}],"predecessor-version":[{"id":20532,"href":"https:\/\/blogdorogeriogomes.com.br\/noticias\/wp-json\/wp\/v2\/posts\/20530\/revisions\/20532"}],"wp:featuredmedia":[{"embeddable":true,"href":"https:\/\/blogdorogeriogomes.com.br\/noticias\/wp-json\/wp\/v2\/media\/20531"}],"wp:attachment":[{"href":"https:\/\/blogdorogeriogomes.com.br\/noticias\/wp-json\/wp\/v2\/media?parent=20530"}],"wp:term":[{"taxonomy":"category","embeddable":true,"href":"https:\/\/blogdorogeriogomes.com.br\/noticias\/wp-json\/wp\/v2\/categories?post=20530"},{"taxonomy":"post_tag","embeddable":true,"href":"https:\/\/blogdorogeriogomes.com.br\/noticias\/wp-json\/wp\/v2\/tags?post=20530"}],"curies":[{"name":"wp","href":"https:\/\/api.w.org\/{rel}","templated":true}]}}