{"id":20533,"date":"2021-03-22T09:52:26","date_gmt":"2021-03-22T09:52:26","guid":{"rendered":"https:\/\/blogdorogeriogomes.com.br\/?p=20533"},"modified":"2021-03-23T12:56:18","modified_gmt":"2021-03-23T12:56:18","slug":"vacinacao-de-pessoas-com-74-anos-de-idade-comeca-nesta-segunda-feira-em-fortaleza-justica-determina-que-idosos-devem-ser-prioridade","status":"publish","type":"post","link":"https:\/\/blogdorogeriogomes.com.br\/noticias\/2021\/03\/vacinacao-de-pessoas-com-74-anos-de-idade-comeca-nesta-segunda-feira-em-fortaleza-justica-determina-que-idosos-devem-ser-prioridade\/","title":{"rendered":"Vacina\u00e7\u00e3o de pessoas com 74 anos de idade come\u00e7a nesta segunda-feira em Fortaleza. Justi\u00e7a determina que idosos devem ser prioridade"},"content":{"rendered":"\n<p>A vacina\u00e7\u00e3o de idosos a partir de 74 anos vai ser iniciada em Fortaleza nesta segunda-feira, dia 22 de mar\u00e7o. Quem tem idade a partir de 60 anos, grupo que est\u00e1 inclu\u00eddo na segunda fase da campanha de vacina\u00e7\u00e3o contra a Covid-19 em Fortaleza, deve realizar cadastro na plataforma Sa\u00fade Digital, da Secretaria de Sa\u00fade do Estado (Sesa). Ap\u00f3s a realiza\u00e7\u00e3o do cadastro, a Prefeitura de Fortaleza vai agendar a data da aplica\u00e7\u00e3o da vacina.<\/p>\n\n\n\n<p>Neste domingo, dia 21, o Tribunal Regional Federal da 5\u00aa Regi\u00e3o (TRF-5) determinou que o Governo do Estado do Cear\u00e1 e a Prefeitura de Fortaleza suspendam a vacina\u00e7\u00e3o de profissionais da sa\u00fade que n\u00e3o est\u00e3o na linha de frente no combate \u00e0 Covid-19. Assim, \u00e9 favorecida a imuniza\u00e7\u00e3o de pessoas que t\u00eam entre 60 e 74 anos.<\/p>\n\n\n\n<figure class=\"wp-block-image size-large\"><img loading=\"lazy\" decoding=\"async\" width=\"984\" height=\"656\" src=\"https:\/\/blogdorogeriogomes.com.br\/wp-content\/uploads\/2021\/03\/whatsapp-image-2021-02-02-at-15.32.07.jpeg\" alt=\"\" class=\"wp-image-20534\" srcset=\"https:\/\/blogdorogeriogomes.com.br\/noticias\/wp-content\/uploads\/2021\/03\/whatsapp-image-2021-02-02-at-15.32.07.jpeg 984w, https:\/\/blogdorogeriogomes.com.br\/noticias\/wp-content\/uploads\/2021\/03\/whatsapp-image-2021-02-02-at-15.32.07-300x200.jpeg 300w, https:\/\/blogdorogeriogomes.com.br\/noticias\/wp-content\/uploads\/2021\/03\/whatsapp-image-2021-02-02-at-15.32.07-768x512.jpeg 768w, https:\/\/blogdorogeriogomes.com.br\/noticias\/wp-content\/uploads\/2021\/03\/whatsapp-image-2021-02-02-at-15.32.07-800x533.jpeg 800w\" sizes=\"auto, (max-width: 984px) 100vw, 984px\" \/><\/figure>\n","protected":false},"excerpt":{"rendered":"<p>A vacina\u00e7\u00e3o de idosos a partir de 74 anos vai ser iniciada em Fortaleza nesta segunda-feira, dia 22 de mar\u00e7o. Quem tem idade a partir de 60 anos, grupo que est\u00e1 inclu\u00eddo na segunda fase da campanha de vacina\u00e7\u00e3o contra a Covid-19 em Fortaleza, deve realizar cadastro na plataforma Sa\u00fade Digital, da Secretaria de Sa\u00fade do Estado (Sesa). Ap\u00f3s a realiza\u00e7\u00e3o do cadastro, a Prefeitura de Fortaleza vai agendar a data da aplica\u00e7\u00e3o da vacina. Neste domingo, dia 21,&hellip;<\/p>\n","protected":false},"author":1,"featured_media":20534,"comment_status":"open","ping_status":"open","sticky":false,"template":"","format":"standard","meta":{"footnotes":""},"categories":[1],"tags":[],"class_list":["post-20533","post","type-post","status-publish","format-standard","has-post-thumbnail","hentry","category-noticias"],"_links":{"self":[{"href":"https:\/\/blogdorogeriogomes.com.br\/noticias\/wp-json\/wp\/v2\/posts\/20533","targetHints":{"allow":["GET"]}}],"collection":[{"href":"https:\/\/blogdorogeriogomes.com.br\/noticias\/wp-json\/wp\/v2\/posts"}],"about":[{"href":"https:\/\/blogdorogeriogomes.com.br\/noticias\/wp-json\/wp\/v2\/types\/post"}],"author":[{"embeddable":true,"href":"https:\/\/blogdorogeriogomes.com.br\/noticias\/wp-json\/wp\/v2\/users\/1"}],"replies":[{"embeddable":true,"href":"https:\/\/blogdorogeriogomes.com.br\/noticias\/wp-json\/wp\/v2\/comments?post=20533"}],"version-history":[{"count":1,"href":"https:\/\/blogdorogeriogomes.com.br\/noticias\/wp-json\/wp\/v2\/posts\/20533\/revisions"}],"predecessor-version":[{"id":20535,"href":"https:\/\/blogdorogeriogomes.com.br\/noticias\/wp-json\/wp\/v2\/posts\/20533\/revisions\/20535"}],"wp:featuredmedia":[{"embeddable":true,"href":"https:\/\/blogdorogeriogomes.com.br\/noticias\/wp-json\/wp\/v2\/media\/20534"}],"wp:attachment":[{"href":"https:\/\/blogdorogeriogomes.com.br\/noticias\/wp-json\/wp\/v2\/media?parent=20533"}],"wp:term":[{"taxonomy":"category","embeddable":true,"href":"https:\/\/blogdorogeriogomes.com.br\/noticias\/wp-json\/wp\/v2\/categories?post=20533"},{"taxonomy":"post_tag","embeddable":true,"href":"https:\/\/blogdorogeriogomes.com.br\/noticias\/wp-json\/wp\/v2\/tags?post=20533"}],"curies":[{"name":"wp","href":"https:\/\/api.w.org\/{rel}","templated":true}]}}