{"id":20536,"date":"2021-03-22T10:21:07","date_gmt":"2021-03-22T10:21:07","guid":{"rendered":"https:\/\/blogdorogeriogomes.com.br\/?p=20536"},"modified":"2021-03-23T12:56:09","modified_gmt":"2021-03-23T12:56:09","slug":"indefinicao-na-posse-de-novo-ministro-da-saude-agrava-a-situacao-da-covid-19-e-queda-na-popularidade-ameaca-relacao-de-bolsonaro-com-o-centrao","status":"publish","type":"post","link":"https:\/\/blogdorogeriogomes.com.br\/noticias\/2021\/03\/indefinicao-na-posse-de-novo-ministro-da-saude-agrava-a-situacao-da-covid-19-e-queda-na-popularidade-ameaca-relacao-de-bolsonaro-com-o-centrao\/","title":{"rendered":"Indefini\u00e7\u00e3o na posse de novo ministro da Sa\u00fade agrava a situa\u00e7\u00e3o da Covid-19 e queda na popularidade amea\u00e7a rela\u00e7\u00e3o de Bolsonaro com o Centr\u00e3o"},"content":{"rendered":"\n<p>Com estados enfrentando o colapso no atendimento de pacientes com a Covid-19, secret\u00e1rios de sa\u00fade denunciam que o Minist\u00e9rio da Sa\u00fade est\u00e1 sem comando. Desde que foi anunciado, o m\u00e9dico Marcelo Queiroga ainda n\u00e3o tomou posse. Enquanto isso, Eduardo Pazuello, j\u00e1 extremamente desgastado no cargo, est\u00e1 sentado na cadeira de ministro mas sem qualquer poder de decidir nada. A equipe t\u00e9cnica, repleta de militares, est\u00e1 paralisada a espera de reformas que devem a ser anunciadas pelo novo ministro. A avalia\u00e7\u00e3o dos secret\u00e1rios estaduais \u00e9 que &#8220;n\u00e3o h\u00e1 absolutamente ningu\u00e9m na Sa\u00fade&#8221;.<\/p>\n\n\n\n<p>Em meio a esse caos administrativo, o presidente Jair Bolsonaro continua a agir como se estivesse tudo normal. Comemorou seu anivers\u00e1rio, neste domingo, dia 21 de mar\u00e7o, em Bras\u00edlia, promovendo aglomera\u00e7\u00e3o com apoiadores. O discurso continua o mesmo: o fim do isolamento social, do uso de m\u00e1scaras e que todos v\u00e3o pra rua <\/p>\n\n\n\n<p>A insensibilidade diante da crise sanit\u00e1ria s\u00f3 faz a popularidade do presidente cair, principalmente, frente a uma vacina\u00e7\u00e3o lenta no Pa\u00eds por falta de imunizantes. O resultado disso \u00e9 que a insatisfa\u00e7\u00e3o da base aliada de Bolsonaro aumenta. Na avalia\u00e7\u00e3o de parlamentares do grupo, a manuten\u00e7\u00e3o do discurso negacionista do presidente em meio ao pior momento da pandemia da Covid-19 e a volta do ex-presidente Lula ao tabuleiro eleitoral para 2022 levam integrantes do Centr\u00e3o a repensar o limite de fidelidade ao Planalto.<\/p>\n\n\n\n<figure class=\"wp-block-image size-large\"><img loading=\"lazy\" decoding=\"async\" width=\"450\" height=\"600\" src=\"https:\/\/blogdorogeriogomes.com.br\/wp-content\/uploads\/2021\/03\/o-presidente-jair-bolsonaro-1616104515521_v2_450x600.jpg\" alt=\"\" class=\"wp-image-20537\" srcset=\"https:\/\/blogdorogeriogomes.com.br\/noticias\/wp-content\/uploads\/2021\/03\/o-presidente-jair-bolsonaro-1616104515521_v2_450x600.jpg 450w, https:\/\/blogdorogeriogomes.com.br\/noticias\/wp-content\/uploads\/2021\/03\/o-presidente-jair-bolsonaro-1616104515521_v2_450x600-225x300.jpg 225w\" sizes=\"auto, (max-width: 450px) 100vw, 450px\" \/><\/figure>\n","protected":false},"excerpt":{"rendered":"<p>Com estados enfrentando o colapso no atendimento de pacientes com a Covid-19, secret\u00e1rios de sa\u00fade denunciam que o Minist\u00e9rio da Sa\u00fade est\u00e1 sem comando. Desde que foi anunciado, o m\u00e9dico Marcelo Queiroga ainda n\u00e3o tomou posse. Enquanto isso, Eduardo Pazuello, j\u00e1 extremamente desgastado no cargo, est\u00e1 sentado na cadeira de ministro mas sem qualquer poder de decidir nada. A equipe t\u00e9cnica, repleta de militares, est\u00e1 paralisada a espera de reformas que devem a ser anunciadas pelo novo ministro. A&hellip;<\/p>\n","protected":false},"author":1,"featured_media":20537,"comment_status":"open","ping_status":"open","sticky":false,"template":"","format":"standard","meta":{"footnotes":""},"categories":[1],"tags":[],"class_list":["post-20536","post","type-post","status-publish","format-standard","has-post-thumbnail","hentry","category-noticias"],"_links":{"self":[{"href":"https:\/\/blogdorogeriogomes.com.br\/noticias\/wp-json\/wp\/v2\/posts\/20536","targetHints":{"allow":["GET"]}}],"collection":[{"href":"https:\/\/blogdorogeriogomes.com.br\/noticias\/wp-json\/wp\/v2\/posts"}],"about":[{"href":"https:\/\/blogdorogeriogomes.com.br\/noticias\/wp-json\/wp\/v2\/types\/post"}],"author":[{"embeddable":true,"href":"https:\/\/blogdorogeriogomes.com.br\/noticias\/wp-json\/wp\/v2\/users\/1"}],"replies":[{"embeddable":true,"href":"https:\/\/blogdorogeriogomes.com.br\/noticias\/wp-json\/wp\/v2\/comments?post=20536"}],"version-history":[{"count":1,"href":"https:\/\/blogdorogeriogomes.com.br\/noticias\/wp-json\/wp\/v2\/posts\/20536\/revisions"}],"predecessor-version":[{"id":20538,"href":"https:\/\/blogdorogeriogomes.com.br\/noticias\/wp-json\/wp\/v2\/posts\/20536\/revisions\/20538"}],"wp:featuredmedia":[{"embeddable":true,"href":"https:\/\/blogdorogeriogomes.com.br\/noticias\/wp-json\/wp\/v2\/media\/20537"}],"wp:attachment":[{"href":"https:\/\/blogdorogeriogomes.com.br\/noticias\/wp-json\/wp\/v2\/media?parent=20536"}],"wp:term":[{"taxonomy":"category","embeddable":true,"href":"https:\/\/blogdorogeriogomes.com.br\/noticias\/wp-json\/wp\/v2\/categories?post=20536"},{"taxonomy":"post_tag","embeddable":true,"href":"https:\/\/blogdorogeriogomes.com.br\/noticias\/wp-json\/wp\/v2\/tags?post=20536"}],"curies":[{"name":"wp","href":"https:\/\/api.w.org\/{rel}","templated":true}]}}