{"id":20548,"date":"2021-03-23T09:40:04","date_gmt":"2021-03-23T09:40:04","guid":{"rendered":"https:\/\/blogdorogeriogomes.com.br\/?p=20548"},"modified":"2021-03-23T12:55:26","modified_gmt":"2021-03-23T12:55:26","slug":"ocupacao-de-utis-bate-recorde-nos-hospitais-de-fortaleza-nas-ultimas-24-horas","status":"publish","type":"post","link":"https:\/\/blogdorogeriogomes.com.br\/noticias\/2021\/03\/ocupacao-de-utis-bate-recorde-nos-hospitais-de-fortaleza-nas-ultimas-24-horas\/","title":{"rendered":"Ocupa\u00e7\u00e3o de UTIs bate recorde nos hospitais de Fortaleza nas \u00faltimas 24 horas"},"content":{"rendered":"\n<p>A segunda onda da pandemia da Covid-19 parece estar atingindo o seu momento mais grave em Fortaleza. Nas \u00faltimas 24 horas, os hospitais bateram recorde na ocupa\u00e7\u00e3o de leitos de UTI na Capital ao atingir a taxa de 97%. <\/p>\n\n\n\n<p>Pelos menos oito hospitais est\u00e3o com os leitos todos ocupados. S\u00e3o eles: Casa de Sa\u00fade e Maternidade S\u00e3o Raimundo, Hospital Geral Dr. Cesar Cals, Hospital Monte Klinikum, Hospital Otoclinica, Hospital S\u00e3o Carlos, Hospital Uniclinic, Hospital Universit\u00e1rio Walter Cant\u00eddio e Hospital S\u00e3o Jos\u00e9.<\/p>\n\n\n\n<p>No Hospital da Unimed, a situa\u00e7\u00e3o tamb\u00e9m \u00e9 preocupante. A unidade registrou 172 pacientes internados com Covid-19 em Unidades de Terapia Intensiva (UTI) nesta segunda-feira, dia 22 de mar\u00e7o. S\u00e3o 445 internados com o coronav\u00edrus em leitos diversos.<\/p>\n\n\n\n<figure class=\"wp-block-image size-large\"><img loading=\"lazy\" decoding=\"async\" width=\"1024\" height=\"683\" src=\"https:\/\/blogdorogeriogomes.com.br\/wp-content\/uploads\/2021\/03\/whatsapp_image_2021_03_11_at_10_04_08__4_-15121993-1024x683.jpeg\" alt=\"\" class=\"wp-image-20549\" srcset=\"https:\/\/blogdorogeriogomes.com.br\/noticias\/wp-content\/uploads\/2021\/03\/whatsapp_image_2021_03_11_at_10_04_08__4_-15121993-1024x683.jpeg 1024w, https:\/\/blogdorogeriogomes.com.br\/noticias\/wp-content\/uploads\/2021\/03\/whatsapp_image_2021_03_11_at_10_04_08__4_-15121993-300x200.jpeg 300w, https:\/\/blogdorogeriogomes.com.br\/noticias\/wp-content\/uploads\/2021\/03\/whatsapp_image_2021_03_11_at_10_04_08__4_-15121993-768x512.jpeg 768w, https:\/\/blogdorogeriogomes.com.br\/noticias\/wp-content\/uploads\/2021\/03\/whatsapp_image_2021_03_11_at_10_04_08__4_-15121993-1536x1024.jpeg 1536w, https:\/\/blogdorogeriogomes.com.br\/noticias\/wp-content\/uploads\/2021\/03\/whatsapp_image_2021_03_11_at_10_04_08__4_-15121993-800x533.jpeg 800w, https:\/\/blogdorogeriogomes.com.br\/noticias\/wp-content\/uploads\/2021\/03\/whatsapp_image_2021_03_11_at_10_04_08__4_-15121993.jpeg 1920w\" sizes=\"auto, (max-width: 1024px) 100vw, 1024px\" \/><\/figure>\n","protected":false},"excerpt":{"rendered":"<p>A segunda onda da pandemia da Covid-19 parece estar atingindo o seu momento mais grave em Fortaleza. Nas \u00faltimas 24 horas, os hospitais bateram recorde na ocupa\u00e7\u00e3o de leitos de UTI na Capital ao atingir a taxa de 97%. Pelos menos oito hospitais est\u00e3o com os leitos todos ocupados. S\u00e3o eles: Casa de Sa\u00fade e Maternidade S\u00e3o Raimundo, Hospital Geral Dr. Cesar Cals, Hospital Monte Klinikum, Hospital Otoclinica, Hospital S\u00e3o Carlos, Hospital Uniclinic, Hospital Universit\u00e1rio Walter Cant\u00eddio e Hospital&hellip;<\/p>\n","protected":false},"author":1,"featured_media":20549,"comment_status":"open","ping_status":"open","sticky":false,"template":"","format":"standard","meta":{"footnotes":""},"categories":[1],"tags":[],"class_list":["post-20548","post","type-post","status-publish","format-standard","has-post-thumbnail","hentry","category-noticias"],"_links":{"self":[{"href":"https:\/\/blogdorogeriogomes.com.br\/noticias\/wp-json\/wp\/v2\/posts\/20548","targetHints":{"allow":["GET"]}}],"collection":[{"href":"https:\/\/blogdorogeriogomes.com.br\/noticias\/wp-json\/wp\/v2\/posts"}],"about":[{"href":"https:\/\/blogdorogeriogomes.com.br\/noticias\/wp-json\/wp\/v2\/types\/post"}],"author":[{"embeddable":true,"href":"https:\/\/blogdorogeriogomes.com.br\/noticias\/wp-json\/wp\/v2\/users\/1"}],"replies":[{"embeddable":true,"href":"https:\/\/blogdorogeriogomes.com.br\/noticias\/wp-json\/wp\/v2\/comments?post=20548"}],"version-history":[{"count":1,"href":"https:\/\/blogdorogeriogomes.com.br\/noticias\/wp-json\/wp\/v2\/posts\/20548\/revisions"}],"predecessor-version":[{"id":20550,"href":"https:\/\/blogdorogeriogomes.com.br\/noticias\/wp-json\/wp\/v2\/posts\/20548\/revisions\/20550"}],"wp:featuredmedia":[{"embeddable":true,"href":"https:\/\/blogdorogeriogomes.com.br\/noticias\/wp-json\/wp\/v2\/media\/20549"}],"wp:attachment":[{"href":"https:\/\/blogdorogeriogomes.com.br\/noticias\/wp-json\/wp\/v2\/media?parent=20548"}],"wp:term":[{"taxonomy":"category","embeddable":true,"href":"https:\/\/blogdorogeriogomes.com.br\/noticias\/wp-json\/wp\/v2\/categories?post=20548"},{"taxonomy":"post_tag","embeddable":true,"href":"https:\/\/blogdorogeriogomes.com.br\/noticias\/wp-json\/wp\/v2\/tags?post=20548"}],"curies":[{"name":"wp","href":"https:\/\/api.w.org\/{rel}","templated":true}]}}