{"id":20551,"date":"2021-03-23T09:51:24","date_gmt":"2021-03-23T09:51:24","guid":{"rendered":"https:\/\/blogdorogeriogomes.com.br\/?p=20551"},"modified":"2021-03-23T12:55:12","modified_gmt":"2021-03-23T12:55:12","slug":"governo-do-ceara-vai-doar-250-mil-botijoes-de-gas-para-familias-carentes","status":"publish","type":"post","link":"https:\/\/blogdorogeriogomes.com.br\/noticias\/2021\/03\/governo-do-ceara-vai-doar-250-mil-botijoes-de-gas-para-familias-carentes\/","title":{"rendered":"Governo do Cear\u00e1 vai doar 250 mil botij\u00f5es de g\u00e1s para fam\u00edlias carentes"},"content":{"rendered":"\n<p>A exemplo do que aconteceu na primeira onda da Covid-19, no ano passado, o Governo do Cear\u00e1 decidiu comprar 250 mil botij\u00f5es de g\u00e1s para distribuir entre as fam\u00edlias mais vulner\u00e1veis do Estado.<\/p>\n\n\n\n<p>O vale-g\u00e1s social \u00e9 uma das medidas de aux\u00edlio \u00e0s fam\u00edlias vulner\u00e1veis no enfrentamento ao coronav\u00edrus, seguindo crit\u00e9rios para contemplar com o benef\u00edcio as fam\u00edlias benefici\u00e1rias do Cart\u00e3o Mais Inf\u00e2ncia; inseridas no Cadastro \u00danico e benefici\u00e1rias do programa Bolsa Fam\u00edlia com renda per capita igual ou inferior a R$ 89,34; e os jovens inseridos no programa Supera\u00e7\u00e3o.<\/p>\n\n\n\n<p>O governador Camilo Santana anunciou a nova medida como mais uma a\u00e7\u00e3o social para atender \u00e0s fam\u00edlias mais afetadas pela pandemia da Covid-19.<\/p>\n\n\n\n<figure class=\"wp-block-image size-large\"><img loading=\"lazy\" decoding=\"async\" width=\"678\" height=\"452\" src=\"https:\/\/blogdorogeriogomes.com.br\/wp-content\/uploads\/2021\/03\/images-2021-03-23T064736.258.jpeg\" alt=\"\" class=\"wp-image-20552\" srcset=\"https:\/\/blogdorogeriogomes.com.br\/noticias\/wp-content\/uploads\/2021\/03\/images-2021-03-23T064736.258.jpeg 678w, https:\/\/blogdorogeriogomes.com.br\/noticias\/wp-content\/uploads\/2021\/03\/images-2021-03-23T064736.258-300x200.jpeg 300w\" sizes=\"auto, (max-width: 678px) 100vw, 678px\" \/><\/figure>\n","protected":false},"excerpt":{"rendered":"<p>A exemplo do que aconteceu na primeira onda da Covid-19, no ano passado, o Governo do Cear\u00e1 decidiu comprar 250 mil botij\u00f5es de g\u00e1s para distribuir entre as fam\u00edlias mais vulner\u00e1veis do Estado. O vale-g\u00e1s social \u00e9 uma das medidas de aux\u00edlio \u00e0s fam\u00edlias vulner\u00e1veis no enfrentamento ao coronav\u00edrus, seguindo crit\u00e9rios para contemplar com o benef\u00edcio as fam\u00edlias benefici\u00e1rias do Cart\u00e3o Mais Inf\u00e2ncia; inseridas no Cadastro \u00danico e benefici\u00e1rias do programa Bolsa Fam\u00edlia com renda per capita igual ou&hellip;<\/p>\n","protected":false},"author":1,"featured_media":20552,"comment_status":"open","ping_status":"open","sticky":false,"template":"","format":"standard","meta":{"footnotes":""},"categories":[1],"tags":[],"class_list":["post-20551","post","type-post","status-publish","format-standard","has-post-thumbnail","hentry","category-noticias"],"_links":{"self":[{"href":"https:\/\/blogdorogeriogomes.com.br\/noticias\/wp-json\/wp\/v2\/posts\/20551","targetHints":{"allow":["GET"]}}],"collection":[{"href":"https:\/\/blogdorogeriogomes.com.br\/noticias\/wp-json\/wp\/v2\/posts"}],"about":[{"href":"https:\/\/blogdorogeriogomes.com.br\/noticias\/wp-json\/wp\/v2\/types\/post"}],"author":[{"embeddable":true,"href":"https:\/\/blogdorogeriogomes.com.br\/noticias\/wp-json\/wp\/v2\/users\/1"}],"replies":[{"embeddable":true,"href":"https:\/\/blogdorogeriogomes.com.br\/noticias\/wp-json\/wp\/v2\/comments?post=20551"}],"version-history":[{"count":1,"href":"https:\/\/blogdorogeriogomes.com.br\/noticias\/wp-json\/wp\/v2\/posts\/20551\/revisions"}],"predecessor-version":[{"id":20553,"href":"https:\/\/blogdorogeriogomes.com.br\/noticias\/wp-json\/wp\/v2\/posts\/20551\/revisions\/20553"}],"wp:featuredmedia":[{"embeddable":true,"href":"https:\/\/blogdorogeriogomes.com.br\/noticias\/wp-json\/wp\/v2\/media\/20552"}],"wp:attachment":[{"href":"https:\/\/blogdorogeriogomes.com.br\/noticias\/wp-json\/wp\/v2\/media?parent=20551"}],"wp:term":[{"taxonomy":"category","embeddable":true,"href":"https:\/\/blogdorogeriogomes.com.br\/noticias\/wp-json\/wp\/v2\/categories?post=20551"},{"taxonomy":"post_tag","embeddable":true,"href":"https:\/\/blogdorogeriogomes.com.br\/noticias\/wp-json\/wp\/v2\/tags?post=20551"}],"curies":[{"name":"wp","href":"https:\/\/api.w.org\/{rel}","templated":true}]}}