{"id":20560,"date":"2021-03-23T21:40:15","date_gmt":"2021-03-23T21:40:15","guid":{"rendered":"https:\/\/blogdorogeriogomes.com.br\/?p=20560"},"modified":"2021-03-24T16:08:51","modified_gmt":"2021-03-24T16:08:51","slug":"sergio-moro-e-considerado-parcial-pela-segunda-turma-do-stf-em-julgamento-do-ex-presidente-lula","status":"publish","type":"post","link":"https:\/\/blogdorogeriogomes.com.br\/noticias\/2021\/03\/sergio-moro-e-considerado-parcial-pela-segunda-turma-do-stf-em-julgamento-do-ex-presidente-lula\/","title":{"rendered":"Sergio Moro \u00e9 considerado parcial pela Segunda Turma do STF em julgamento do ex-presidente Lula"},"content":{"rendered":"\n<p>O ex-presidente Lula conseguiu mais uma vit\u00f3ria no STF. Em julgamento do Supremo Tribunal Federal, nesta ter\u00e7a-feira, dia 23 de mar\u00e7o, foi formada a maioria em 3 a 2 contra o ex-juiz Sergio Moro no julgamento de sua suspei\u00e7\u00e3o pela condu\u00e7\u00e3o dos processos da Opera\u00e7\u00e3o Lava Jato envolvendo o ex-presidente Luiz In\u00e1cio Lula da Silva. O in\u00edcio das falas foi marcado pelo voto de K\u00e1ssio Nunes Marques, que foi indicado ao STF por Jair Bolsonaro, contra a suspei\u00e7\u00e3o, duas semanas ap\u00f3s o seu pedido de vista. No entanto, a ministra C\u00e1rmen L\u00facia mudou o seu voto e aumentou o colegiado que sustenta a indica\u00e7\u00e3o da parcialidade de Moro. A decis\u00e3o comprova os atos de ilegalidade cometidos por Sergio Moro e pela Opera\u00e7\u00e3o Lava Jato no julgamento de Lula.<br>No in\u00edcio do m\u00eas, os ministros Ricardo Lewandowski e Gilmar Mendes votaram pela suspei\u00e7\u00e3o de Moro na condena\u00e7\u00e3o de Lula no caso do triplex no Guaruj\u00e1. O posicionamento de Nunes (indicado ao STF pelo presidente Jair Bolsonaro) soma-se ao ministro Edson Fachin, tamb\u00e9m contr\u00e1rio \u00e0 a\u00e7\u00e3o no Supremo. A justificativa de Nunes em defesa de Moro gerou revolta de Mendes, que classificou a a\u00e7\u00e3o como &#8220;indec\u00eancia&#8221;.<br>Em sua justificativa para mudan\u00e7a de voto, Carmen L\u00facia argumentou a exist\u00eancia de novos elementos do processo para an\u00e1lise, tornando evidentes os ind\u00edcios de que a atua\u00e7\u00e3o de Moro foi irregular nos processos de Lula.<br>O julgamento sobre a suspei\u00e7\u00e3o de Sergio Moro foi iniciado em 2018 e interrompido ap\u00f3s pedido de vista de Gilmar Mendes. Dois anos longe da discuss\u00e3o, o processo retornou \u00e0 mesa da Segunda Turma depois de Fachin anular todas as condena\u00e7\u00f5es de Lula na Lava Jato, usando como justificativa a falta de compet\u00eancia de Moro para julgar os casos e, assim, devolvendo a elegibilidade ao l\u00edder petista a um ano das elei\u00e7\u00f5es presidenciais.<\/p>\n\n\n\n<figure class=\"wp-block-image size-large\"><img loading=\"lazy\" decoding=\"async\" width=\"725\" height=\"423\" src=\"https:\/\/blogdorogeriogomes.com.br\/wp-content\/uploads\/2021\/03\/images-2021-03-23T181457.798.jpeg\" alt=\"\" class=\"wp-image-20561\" srcset=\"https:\/\/blogdorogeriogomes.com.br\/noticias\/wp-content\/uploads\/2021\/03\/images-2021-03-23T181457.798.jpeg 725w, https:\/\/blogdorogeriogomes.com.br\/noticias\/wp-content\/uploads\/2021\/03\/images-2021-03-23T181457.798-300x175.jpeg 300w\" sizes=\"auto, (max-width: 725px) 100vw, 725px\" \/><\/figure>\n","protected":false},"excerpt":{"rendered":"<p>O ex-presidente Lula conseguiu mais uma vit\u00f3ria no STF. Em julgamento do Supremo Tribunal Federal, nesta ter\u00e7a-feira, dia 23 de mar\u00e7o, foi formada a maioria em 3 a 2 contra o ex-juiz Sergio Moro no julgamento de sua suspei\u00e7\u00e3o pela condu\u00e7\u00e3o dos processos da Opera\u00e7\u00e3o Lava Jato envolvendo o ex-presidente Luiz In\u00e1cio Lula da Silva. O in\u00edcio das falas foi marcado pelo voto de K\u00e1ssio Nunes Marques, que foi indicado ao STF por Jair Bolsonaro, contra a suspei\u00e7\u00e3o, duas&hellip;<\/p>\n","protected":false},"author":1,"featured_media":20561,"comment_status":"open","ping_status":"open","sticky":false,"template":"","format":"standard","meta":{"footnotes":""},"categories":[1],"tags":[],"class_list":["post-20560","post","type-post","status-publish","format-standard","has-post-thumbnail","hentry","category-noticias"],"_links":{"self":[{"href":"https:\/\/blogdorogeriogomes.com.br\/noticias\/wp-json\/wp\/v2\/posts\/20560","targetHints":{"allow":["GET"]}}],"collection":[{"href":"https:\/\/blogdorogeriogomes.com.br\/noticias\/wp-json\/wp\/v2\/posts"}],"about":[{"href":"https:\/\/blogdorogeriogomes.com.br\/noticias\/wp-json\/wp\/v2\/types\/post"}],"author":[{"embeddable":true,"href":"https:\/\/blogdorogeriogomes.com.br\/noticias\/wp-json\/wp\/v2\/users\/1"}],"replies":[{"embeddable":true,"href":"https:\/\/blogdorogeriogomes.com.br\/noticias\/wp-json\/wp\/v2\/comments?post=20560"}],"version-history":[{"count":1,"href":"https:\/\/blogdorogeriogomes.com.br\/noticias\/wp-json\/wp\/v2\/posts\/20560\/revisions"}],"predecessor-version":[{"id":20562,"href":"https:\/\/blogdorogeriogomes.com.br\/noticias\/wp-json\/wp\/v2\/posts\/20560\/revisions\/20562"}],"wp:featuredmedia":[{"embeddable":true,"href":"https:\/\/blogdorogeriogomes.com.br\/noticias\/wp-json\/wp\/v2\/media\/20561"}],"wp:attachment":[{"href":"https:\/\/blogdorogeriogomes.com.br\/noticias\/wp-json\/wp\/v2\/media?parent=20560"}],"wp:term":[{"taxonomy":"category","embeddable":true,"href":"https:\/\/blogdorogeriogomes.com.br\/noticias\/wp-json\/wp\/v2\/categories?post=20560"},{"taxonomy":"post_tag","embeddable":true,"href":"https:\/\/blogdorogeriogomes.com.br\/noticias\/wp-json\/wp\/v2\/tags?post=20560"}],"curies":[{"name":"wp","href":"https:\/\/api.w.org\/{rel}","templated":true}]}}