{"id":20563,"date":"2021-03-23T23:36:51","date_gmt":"2021-03-23T23:36:51","guid":{"rendered":"https:\/\/blogdorogeriogomes.com.br\/?p=20563"},"modified":"2021-03-24T16:08:41","modified_gmt":"2021-03-24T16:08:41","slug":"bolsonaro-perde-acao-contra-os-governadores-e-da-posse-ao-novo-ministro-da-saude-as-escondidas","status":"publish","type":"post","link":"https:\/\/blogdorogeriogomes.com.br\/noticias\/2021\/03\/bolsonaro-perde-acao-contra-os-governadores-e-da-posse-ao-novo-ministro-da-saude-as-escondidas\/","title":{"rendered":"Bolsonaro perde a\u00e7\u00e3o contra os governadores e d\u00e1 posse ao novo Ministro da Sa\u00fade \u00e0s &#8220;escondidas&#8221;"},"content":{"rendered":"\n<p>Longe da imprensa, sem convidados e fora da agenda, o presidente Jair Bolsonaro deu posse nesta ter\u00e7a-feira, dia 23 de mar\u00e7o, ao m\u00e9dico cardiologista Marcelo Queiroga como novo ministro da Sa\u00fade. \u00c9 o quarto a ocupar o cargo em seu governo. Queiroga foi anunciado como novo chefe da pasta desde a semana passada e assume a fun\u00e7\u00e3o no momento em que o Brasil atingiu nas \u00faltimas 24 horas 3.158 mortes por Covid-19. O Pa\u00eds se aproxima de 300 mil mortes e vive uma situa\u00e7\u00e3o de colapso na rede hospitalar, com falta de leitos de UTI, medicamentos para intuba\u00e7\u00e3o de pacientes e oxig\u00eanio.<br>Tamb\u00e9m nesta ter\u00e7a-feira, o pedido do presidente Jair Bolsonaro para suspender decretos restritivos dos governos do Distrito Federal, da Bahia e do Rio Grande do Sul foi rejeitado pelo ministro do Supremo Tribunal Federal (STF), Marco Aur\u00e9lio Mello. Assim, as restri\u00e7\u00f5es nos estados seguem mantidas para conter a pandemia de Covid-19. Foi mais uma derrota diante do negacionismo do presidente da Rep\u00fablica no trato com a pandemia.<br>Os presidentes do Senado, Rodrigo Pacheco, e da C\u00e2mara dos Deputados, Arthur Lira, buscam a\u00e7\u00f5es para enfrentar a paralisia do Planalto em coordenar o combate \u00e0 pandemia. A preocupa\u00e7\u00e3o \u00e9 com a lentid\u00e3o na campanha de vacina\u00e7\u00e3o. No Minist\u00e9rio da Sa\u00fade sobram promessas e pouca a\u00e7\u00e3o concreta.<\/p>\n\n\n\n<figure class=\"wp-block-image size-large\"><img loading=\"lazy\" decoding=\"async\" width=\"800\" height=\"384\" src=\"https:\/\/blogdorogeriogomes.com.br\/wp-content\/uploads\/2021\/03\/images-2021-03-23T201747.064.jpeg\" alt=\"\" class=\"wp-image-20564\" srcset=\"https:\/\/blogdorogeriogomes.com.br\/noticias\/wp-content\/uploads\/2021\/03\/images-2021-03-23T201747.064.jpeg 800w, https:\/\/blogdorogeriogomes.com.br\/noticias\/wp-content\/uploads\/2021\/03\/images-2021-03-23T201747.064-300x144.jpeg 300w, https:\/\/blogdorogeriogomes.com.br\/noticias\/wp-content\/uploads\/2021\/03\/images-2021-03-23T201747.064-768x369.jpeg 768w\" sizes=\"auto, (max-width: 800px) 100vw, 800px\" \/><\/figure>\n","protected":false},"excerpt":{"rendered":"<p>Longe da imprensa, sem convidados e fora da agenda, o presidente Jair Bolsonaro deu posse nesta ter\u00e7a-feira, dia 23 de mar\u00e7o, ao m\u00e9dico cardiologista Marcelo Queiroga como novo ministro da Sa\u00fade. \u00c9 o quarto a ocupar o cargo em seu governo. Queiroga foi anunciado como novo chefe da pasta desde a semana passada e assume a fun\u00e7\u00e3o no momento em que o Brasil atingiu nas \u00faltimas 24 horas 3.158 mortes por Covid-19. O Pa\u00eds se aproxima de 300 mil&hellip;<\/p>\n","protected":false},"author":1,"featured_media":20564,"comment_status":"open","ping_status":"open","sticky":false,"template":"","format":"standard","meta":{"footnotes":""},"categories":[1],"tags":[],"class_list":["post-20563","post","type-post","status-publish","format-standard","has-post-thumbnail","hentry","category-noticias"],"_links":{"self":[{"href":"https:\/\/blogdorogeriogomes.com.br\/noticias\/wp-json\/wp\/v2\/posts\/20563","targetHints":{"allow":["GET"]}}],"collection":[{"href":"https:\/\/blogdorogeriogomes.com.br\/noticias\/wp-json\/wp\/v2\/posts"}],"about":[{"href":"https:\/\/blogdorogeriogomes.com.br\/noticias\/wp-json\/wp\/v2\/types\/post"}],"author":[{"embeddable":true,"href":"https:\/\/blogdorogeriogomes.com.br\/noticias\/wp-json\/wp\/v2\/users\/1"}],"replies":[{"embeddable":true,"href":"https:\/\/blogdorogeriogomes.com.br\/noticias\/wp-json\/wp\/v2\/comments?post=20563"}],"version-history":[{"count":1,"href":"https:\/\/blogdorogeriogomes.com.br\/noticias\/wp-json\/wp\/v2\/posts\/20563\/revisions"}],"predecessor-version":[{"id":20565,"href":"https:\/\/blogdorogeriogomes.com.br\/noticias\/wp-json\/wp\/v2\/posts\/20563\/revisions\/20565"}],"wp:featuredmedia":[{"embeddable":true,"href":"https:\/\/blogdorogeriogomes.com.br\/noticias\/wp-json\/wp\/v2\/media\/20564"}],"wp:attachment":[{"href":"https:\/\/blogdorogeriogomes.com.br\/noticias\/wp-json\/wp\/v2\/media?parent=20563"}],"wp:term":[{"taxonomy":"category","embeddable":true,"href":"https:\/\/blogdorogeriogomes.com.br\/noticias\/wp-json\/wp\/v2\/categories?post=20563"},{"taxonomy":"post_tag","embeddable":true,"href":"https:\/\/blogdorogeriogomes.com.br\/noticias\/wp-json\/wp\/v2\/tags?post=20563"}],"curies":[{"name":"wp","href":"https:\/\/api.w.org\/{rel}","templated":true}]}}