{"id":20570,"date":"2021-03-24T10:31:00","date_gmt":"2021-03-24T10:31:00","guid":{"rendered":"https:\/\/blogdorogeriogomes.com.br\/?p=20570"},"modified":"2021-03-24T15:53:56","modified_gmt":"2021-03-24T15:53:56","slug":"pronunciamento-de-bolsonaro-na-tv-e-marcado-por-mentiras-sobre-vacinacao-e-panelacos-tomam-conta-das-capitais","status":"publish","type":"post","link":"https:\/\/blogdorogeriogomes.com.br\/noticias\/2021\/03\/pronunciamento-de-bolsonaro-na-tv-e-marcado-por-mentiras-sobre-vacinacao-e-panelacos-tomam-conta-das-capitais\/","title":{"rendered":"Pronunciamento de Bolsonaro na TV \u00e9 marcado por omiss\u00e3o sobre vacina\u00e7\u00e3o e panela\u00e7os tomam conta das capitais"},"content":{"rendered":"\n<p>Isolado politicamente devido ao seu negacionismo, Jair Bolsonaro fez uma cadeia nacional de r\u00e1dio e TV, nesta ter\u00e7a-feira, dia 23 de mar\u00e7o. Ele prometeu que 2021 ser\u00e1 \u201co ano da vacina\u00e7\u00e3o dos brasileiros\u201d. S\u00f3 que ele pr\u00f3prio tem sido o respons\u00e1vel desde o in\u00edcio da pandemia por minimizar o enfrentamento \u00e0 Covid-19. Bolsonaro chamou a doen\u00e7a de \u201cgripezinha\u201d e coisas do tipo, falou contra o uso de m\u00e1scaras e atacou vacinas por motivos ideol\u00f3gicos. O Pa\u00eds tem vacina\u00e7\u00e3o lenta. Apenas 6% da popula\u00e7\u00e3o foi imunizada.<\/p>\n\n\n\n<p>A omiss\u00e3o do Governo Federal na compra de vacinas foi &#8220;premiada&#8221; por mais um panela\u00e7o registrado em v\u00e1rias capitais brasileiras durante o pronunciamento de Bolsonaro na TV.<\/p>\n\n\n\n<p>No momento mais grave da pandemia, pol\u00edticos ainda tentam mudar os rumos do combate \u00e0 Covid-19 no Pa\u00eds. Nesta quarta-feira, dia 24, o presidente Jair Bolsonaro se reunir\u00e1 com os presidentes do Senado, C\u00e2mara e STF, ministros e governadores para discutir medidas de combate \u00e0 pandemia.<\/p>\n\n\n\n<p>Bolsonaro \u00e9 contra medidas de isolamento, mas a Funda\u00e7\u00e3o Oswaldo Cruz (Fiocruz) sugere que todos estados e cidades classificados em &#8220;alerta cr\u00edtico&#8221; por causa da lota\u00e7\u00e3o de leitos de UTI para tratamentos de Covid-19 devem restringir todas as atividades n\u00e3o essenciais por 14 dias.<\/p>\n\n\n\n<figure class=\"wp-block-image size-large\"><img loading=\"lazy\" decoding=\"async\" width=\"716\" height=\"428\" src=\"https:\/\/blogdorogeriogomes.com.br\/wp-content\/uploads\/2021\/03\/images-2021-03-24T071350.810.jpeg\" alt=\"\" class=\"wp-image-20571\" srcset=\"https:\/\/blogdorogeriogomes.com.br\/noticias\/wp-content\/uploads\/2021\/03\/images-2021-03-24T071350.810.jpeg 716w, https:\/\/blogdorogeriogomes.com.br\/noticias\/wp-content\/uploads\/2021\/03\/images-2021-03-24T071350.810-300x179.jpeg 300w\" sizes=\"auto, (max-width: 716px) 100vw, 716px\" \/><\/figure>\n","protected":false},"excerpt":{"rendered":"<p>Isolado politicamente devido ao seu negacionismo, Jair Bolsonaro fez uma cadeia nacional de r\u00e1dio e TV, nesta ter\u00e7a-feira, dia 23 de mar\u00e7o. Ele prometeu que 2021 ser\u00e1 \u201co ano da vacina\u00e7\u00e3o dos brasileiros\u201d. S\u00f3 que ele pr\u00f3prio tem sido o respons\u00e1vel desde o in\u00edcio da pandemia por minimizar o enfrentamento \u00e0 Covid-19. Bolsonaro chamou a doen\u00e7a de \u201cgripezinha\u201d e coisas do tipo, falou contra o uso de m\u00e1scaras e atacou vacinas por motivos ideol\u00f3gicos. O Pa\u00eds tem vacina\u00e7\u00e3o lenta.&hellip;<\/p>\n","protected":false},"author":1,"featured_media":20571,"comment_status":"open","ping_status":"open","sticky":false,"template":"","format":"standard","meta":{"footnotes":""},"categories":[1],"tags":[],"class_list":["post-20570","post","type-post","status-publish","format-standard","has-post-thumbnail","hentry","category-noticias"],"_links":{"self":[{"href":"https:\/\/blogdorogeriogomes.com.br\/noticias\/wp-json\/wp\/v2\/posts\/20570","targetHints":{"allow":["GET"]}}],"collection":[{"href":"https:\/\/blogdorogeriogomes.com.br\/noticias\/wp-json\/wp\/v2\/posts"}],"about":[{"href":"https:\/\/blogdorogeriogomes.com.br\/noticias\/wp-json\/wp\/v2\/types\/post"}],"author":[{"embeddable":true,"href":"https:\/\/blogdorogeriogomes.com.br\/noticias\/wp-json\/wp\/v2\/users\/1"}],"replies":[{"embeddable":true,"href":"https:\/\/blogdorogeriogomes.com.br\/noticias\/wp-json\/wp\/v2\/comments?post=20570"}],"version-history":[{"count":2,"href":"https:\/\/blogdorogeriogomes.com.br\/noticias\/wp-json\/wp\/v2\/posts\/20570\/revisions"}],"predecessor-version":[{"id":20573,"href":"https:\/\/blogdorogeriogomes.com.br\/noticias\/wp-json\/wp\/v2\/posts\/20570\/revisions\/20573"}],"wp:featuredmedia":[{"embeddable":true,"href":"https:\/\/blogdorogeriogomes.com.br\/noticias\/wp-json\/wp\/v2\/media\/20571"}],"wp:attachment":[{"href":"https:\/\/blogdorogeriogomes.com.br\/noticias\/wp-json\/wp\/v2\/media?parent=20570"}],"wp:term":[{"taxonomy":"category","embeddable":true,"href":"https:\/\/blogdorogeriogomes.com.br\/noticias\/wp-json\/wp\/v2\/categories?post=20570"},{"taxonomy":"post_tag","embeddable":true,"href":"https:\/\/blogdorogeriogomes.com.br\/noticias\/wp-json\/wp\/v2\/tags?post=20570"}],"curies":[{"name":"wp","href":"https:\/\/api.w.org\/{rel}","templated":true}]}}