{"id":20578,"date":"2021-03-24T20:17:09","date_gmt":"2021-03-24T20:17:09","guid":{"rendered":"https:\/\/blogdorogeriogomes.com.br\/?p=20578"},"modified":"2021-03-25T22:39:16","modified_gmt":"2021-03-25T22:39:16","slug":"brasil-atinge-300-mil-mortes-bolsonaro-faz-reuniao-so-com-aliados-e-volta-a-defender-tratamento-precoce","status":"publish","type":"post","link":"https:\/\/blogdorogeriogomes.com.br\/noticias\/2021\/03\/brasil-atinge-300-mil-mortes-bolsonaro-faz-reuniao-so-com-aliados-e-volta-a-defender-tratamento-precoce\/","title":{"rendered":"Brasil atinge 300 mil mortes, Bolsonaro faz reuni\u00e3o s\u00f3 com aliados e volta a defender &#8220;tratamento precoce&#8221;"},"content":{"rendered":"\n<p>Se j\u00e1 n\u00e3o bastasse o Pa\u00eds atingir 300 mil mortes por Covid-19, nesta quarta-feira, dia 24 de mar\u00e7o, a reuni\u00e3o promovida pela Presid\u00eancia da Rep\u00fablica com membros dos tr\u00eas poderes, no Pal\u00e1cio da Alvorada, em Bras\u00edlia, trouxe o mais do mesmo na conduta do presidente Jair Bolsonaro diante do cen\u00e1rio agravado da Covid-19 no Brasil. O chefe do executivo convocou ministros, presidentes das casas legislativas federais e apenas seis governadores aliados para anunciar a cria\u00e7\u00e3o de comit\u00ea junto ao Congresso para combate \u00e0 pandemia. Nem mesmo a Confedera\u00e7\u00e3o Nacional dos Prefeitos e o F\u00f3rum dos Governadores foram convidados para o encontro.<\/p>\n\n\n\n<p>O problema maior \u00e9 que a reuni\u00e3o foi palco para Bolsonaro defender novamente o tratamento precoce com rem\u00e9dios sem nenhuma comprova\u00e7\u00e3o cient\u00edfica. <\/p>\n\n\n\n<p>O cen\u00e1rio nacional \u00e9 hospitais sobrecarregados, com filas de pacientes a espera de um leito de UTI e amea\u00e7a de falta de oxig\u00eanio hospitalar e de insumos para intuba\u00e7\u00e3o de pacientes.<br>Em nenhum momento da reuni\u00e3o, o presidente Jair Bolsonaro falou de medidas de isolamento social, defendidas por especialistas como fundamentais para conter o descontrole do cont\u00e1gio.<\/p>\n\n\n\n<p>Para completar o desamparo das camadas mais pobres da popula\u00e7\u00e3o, o aux\u00edlio emergencial ainda n\u00e3o voltou a ser pago. A previs\u00e3o da equipe econ\u00f4mica de Paulo Guedes \u00e9 na primeira quinzena de abril. Ao contr\u00e1rio do que o Governo Federal prop\u00f5e (m\u00e9dia de R$ 250), as centrais sindicais lan\u00e7aram um manifesto onde defendem um aux\u00edlio at\u00e9 o fim do ano de R$ 600, que venha gerar prote\u00e7\u00e3o econ\u00f4mica aos desempregados.<\/p>\n\n\n\n<figure class=\"wp-block-image size-large\"><img loading=\"lazy\" decoding=\"async\" width=\"984\" height=\"554\" src=\"https:\/\/blogdorogeriogomes.com.br\/wp-content\/uploads\/2021\/03\/gnews-ed10-limpo-20210324-0911-frame-169954.jpeg\" alt=\"\" class=\"wp-image-20579\" srcset=\"https:\/\/blogdorogeriogomes.com.br\/noticias\/wp-content\/uploads\/2021\/03\/gnews-ed10-limpo-20210324-0911-frame-169954.jpeg 984w, https:\/\/blogdorogeriogomes.com.br\/noticias\/wp-content\/uploads\/2021\/03\/gnews-ed10-limpo-20210324-0911-frame-169954-300x169.jpeg 300w, https:\/\/blogdorogeriogomes.com.br\/noticias\/wp-content\/uploads\/2021\/03\/gnews-ed10-limpo-20210324-0911-frame-169954-768x432.jpeg 768w, https:\/\/blogdorogeriogomes.com.br\/noticias\/wp-content\/uploads\/2021\/03\/gnews-ed10-limpo-20210324-0911-frame-169954-800x450.jpeg 800w\" sizes=\"auto, (max-width: 984px) 100vw, 984px\" \/><\/figure>\n\n\n\n<p><\/p>\n","protected":false},"excerpt":{"rendered":"<p>Se j\u00e1 n\u00e3o bastasse o Pa\u00eds atingir 300 mil mortes por Covid-19, nesta quarta-feira, dia 24 de mar\u00e7o, a reuni\u00e3o promovida pela Presid\u00eancia da Rep\u00fablica com membros dos tr\u00eas poderes, no Pal\u00e1cio da Alvorada, em Bras\u00edlia, trouxe o mais do mesmo na conduta do presidente Jair Bolsonaro diante do cen\u00e1rio agravado da Covid-19 no Brasil. O chefe do executivo convocou ministros, presidentes das casas legislativas federais e apenas seis governadores aliados para anunciar a cria\u00e7\u00e3o de comit\u00ea junto ao&hellip;<\/p>\n","protected":false},"author":1,"featured_media":20579,"comment_status":"open","ping_status":"open","sticky":false,"template":"","format":"standard","meta":{"footnotes":""},"categories":[1],"tags":[],"class_list":["post-20578","post","type-post","status-publish","format-standard","has-post-thumbnail","hentry","category-noticias"],"_links":{"self":[{"href":"https:\/\/blogdorogeriogomes.com.br\/noticias\/wp-json\/wp\/v2\/posts\/20578","targetHints":{"allow":["GET"]}}],"collection":[{"href":"https:\/\/blogdorogeriogomes.com.br\/noticias\/wp-json\/wp\/v2\/posts"}],"about":[{"href":"https:\/\/blogdorogeriogomes.com.br\/noticias\/wp-json\/wp\/v2\/types\/post"}],"author":[{"embeddable":true,"href":"https:\/\/blogdorogeriogomes.com.br\/noticias\/wp-json\/wp\/v2\/users\/1"}],"replies":[{"embeddable":true,"href":"https:\/\/blogdorogeriogomes.com.br\/noticias\/wp-json\/wp\/v2\/comments?post=20578"}],"version-history":[{"count":1,"href":"https:\/\/blogdorogeriogomes.com.br\/noticias\/wp-json\/wp\/v2\/posts\/20578\/revisions"}],"predecessor-version":[{"id":20580,"href":"https:\/\/blogdorogeriogomes.com.br\/noticias\/wp-json\/wp\/v2\/posts\/20578\/revisions\/20580"}],"wp:featuredmedia":[{"embeddable":true,"href":"https:\/\/blogdorogeriogomes.com.br\/noticias\/wp-json\/wp\/v2\/media\/20579"}],"wp:attachment":[{"href":"https:\/\/blogdorogeriogomes.com.br\/noticias\/wp-json\/wp\/v2\/media?parent=20578"}],"wp:term":[{"taxonomy":"category","embeddable":true,"href":"https:\/\/blogdorogeriogomes.com.br\/noticias\/wp-json\/wp\/v2\/categories?post=20578"},{"taxonomy":"post_tag","embeddable":true,"href":"https:\/\/blogdorogeriogomes.com.br\/noticias\/wp-json\/wp\/v2\/tags?post=20578"}],"curies":[{"name":"wp","href":"https:\/\/api.w.org\/{rel}","templated":true}]}}