{"id":20581,"date":"2021-03-25T10:04:21","date_gmt":"2021-03-25T10:04:21","guid":{"rendered":"https:\/\/blogdorogeriogomes.com.br\/?p=20581"},"modified":"2021-03-25T22:39:01","modified_gmt":"2021-03-25T22:39:01","slug":"fortaleza-inicia-vacinacao-de-pessoas-a-partir-de-70-anos-de-idade-em-43-postos","status":"publish","type":"post","link":"https:\/\/blogdorogeriogomes.com.br\/noticias\/2021\/03\/fortaleza-inicia-vacinacao-de-pessoas-a-partir-de-70-anos-de-idade-em-43-postos\/","title":{"rendered":"Fortaleza inicia vacina\u00e7\u00e3o de pessoas a partir de 70 anos de idade em 43 postos"},"content":{"rendered":"\n<p>A Prefeitura de Fortaleza inicia, nesta quinta-feira, dia 25 de mar\u00e7o, a vacina\u00e7\u00e3o de pessoas a partir de 70 anos de idade. A imuniza\u00e7\u00e3o ser\u00e1 disponibilizada em 43 postos de sa\u00fade da Capital e nos quatro Cucas, aproveitando o feriado da Data Magna no Cear\u00e1, relembrando a aboli\u00e7\u00e3o dos escravos. Todos os idosos s\u00e3o vacinados mediante o agendamento da Prefeitura de Fortaleza, a partir do cadastro pr\u00e9vio no sistema Sa\u00fade Digital. Os contemplados ser\u00e3o comunicados via e-mail e n\u00famero de WhatsApp cadastrados.<\/p>\n\n\n\n<p>O Cear\u00e1 j\u00e1 aplicou cerca de 767.505 doses de vacinas contra a Covid-19 at\u00e9 o momento. No Estado, 13.297 pessoas morreram v\u00edtimas da pandemia. 514.748 j\u00e1 foram infectados pelo coronav\u00edrus n\u00f3s munic\u00edpios cearenses.<\/p>\n\n\n\n<figure class=\"wp-block-image size-large\"><img loading=\"lazy\" decoding=\"async\" width=\"1024\" height=\"576\" src=\"https:\/\/blogdorogeriogomes.com.br\/wp-content\/uploads\/2021\/03\/24-03-2021-vacinacao-no-cuca-do-mundubim-53--1024x576.jpg\" alt=\"\" class=\"wp-image-20582\" srcset=\"https:\/\/blogdorogeriogomes.com.br\/noticias\/wp-content\/uploads\/2021\/03\/24-03-2021-vacinacao-no-cuca-do-mundubim-53--1024x576.jpg 1024w, https:\/\/blogdorogeriogomes.com.br\/noticias\/wp-content\/uploads\/2021\/03\/24-03-2021-vacinacao-no-cuca-do-mundubim-53--300x169.jpg 300w, https:\/\/blogdorogeriogomes.com.br\/noticias\/wp-content\/uploads\/2021\/03\/24-03-2021-vacinacao-no-cuca-do-mundubim-53--768x432.jpg 768w, https:\/\/blogdorogeriogomes.com.br\/noticias\/wp-content\/uploads\/2021\/03\/24-03-2021-vacinacao-no-cuca-do-mundubim-53--800x450.jpg 800w, https:\/\/blogdorogeriogomes.com.br\/noticias\/wp-content\/uploads\/2021\/03\/24-03-2021-vacinacao-no-cuca-do-mundubim-53-.jpg 1080w\" sizes=\"auto, (max-width: 1024px) 100vw, 1024px\" \/><\/figure>\n","protected":false},"excerpt":{"rendered":"<p>A Prefeitura de Fortaleza inicia, nesta quinta-feira, dia 25 de mar\u00e7o, a vacina\u00e7\u00e3o de pessoas a partir de 70 anos de idade. A imuniza\u00e7\u00e3o ser\u00e1 disponibilizada em 43 postos de sa\u00fade da Capital e nos quatro Cucas, aproveitando o feriado da Data Magna no Cear\u00e1, relembrando a aboli\u00e7\u00e3o dos escravos. Todos os idosos s\u00e3o vacinados mediante o agendamento da Prefeitura de Fortaleza, a partir do cadastro pr\u00e9vio no sistema Sa\u00fade Digital. Os contemplados ser\u00e3o comunicados via e-mail e n\u00famero&hellip;<\/p>\n","protected":false},"author":1,"featured_media":20582,"comment_status":"open","ping_status":"open","sticky":false,"template":"","format":"standard","meta":{"footnotes":""},"categories":[1],"tags":[],"class_list":["post-20581","post","type-post","status-publish","format-standard","has-post-thumbnail","hentry","category-noticias"],"_links":{"self":[{"href":"https:\/\/blogdorogeriogomes.com.br\/noticias\/wp-json\/wp\/v2\/posts\/20581","targetHints":{"allow":["GET"]}}],"collection":[{"href":"https:\/\/blogdorogeriogomes.com.br\/noticias\/wp-json\/wp\/v2\/posts"}],"about":[{"href":"https:\/\/blogdorogeriogomes.com.br\/noticias\/wp-json\/wp\/v2\/types\/post"}],"author":[{"embeddable":true,"href":"https:\/\/blogdorogeriogomes.com.br\/noticias\/wp-json\/wp\/v2\/users\/1"}],"replies":[{"embeddable":true,"href":"https:\/\/blogdorogeriogomes.com.br\/noticias\/wp-json\/wp\/v2\/comments?post=20581"}],"version-history":[{"count":1,"href":"https:\/\/blogdorogeriogomes.com.br\/noticias\/wp-json\/wp\/v2\/posts\/20581\/revisions"}],"predecessor-version":[{"id":20583,"href":"https:\/\/blogdorogeriogomes.com.br\/noticias\/wp-json\/wp\/v2\/posts\/20581\/revisions\/20583"}],"wp:featuredmedia":[{"embeddable":true,"href":"https:\/\/blogdorogeriogomes.com.br\/noticias\/wp-json\/wp\/v2\/media\/20582"}],"wp:attachment":[{"href":"https:\/\/blogdorogeriogomes.com.br\/noticias\/wp-json\/wp\/v2\/media?parent=20581"}],"wp:term":[{"taxonomy":"category","embeddable":true,"href":"https:\/\/blogdorogeriogomes.com.br\/noticias\/wp-json\/wp\/v2\/categories?post=20581"},{"taxonomy":"post_tag","embeddable":true,"href":"https:\/\/blogdorogeriogomes.com.br\/noticias\/wp-json\/wp\/v2\/tags?post=20581"}],"curies":[{"name":"wp","href":"https:\/\/api.w.org\/{rel}","templated":true}]}}