{"id":20584,"date":"2021-03-25T10:28:20","date_gmt":"2021-03-25T10:28:20","guid":{"rendered":"https:\/\/blogdorogeriogomes.com.br\/?p=20584"},"modified":"2021-03-25T22:38:11","modified_gmt":"2021-03-25T22:38:11","slug":"governadores-cobram-do-congresso-nacional-um-auxilio-emergencial-de-r-600-reais","status":"publish","type":"post","link":"https:\/\/blogdorogeriogomes.com.br\/noticias\/2021\/03\/governadores-cobram-do-congresso-nacional-um-auxilio-emergencial-de-r-600-reais\/","title":{"rendered":"Governadores cobram do Congresso Nacional um aux\u00edlio emergencial de R$ 600 reais"},"content":{"rendered":"\n<p>Governadores de 16 estados, entre eles, Camilo Santana, do Cear\u00e1, assinaram uma carta aos presidentes da C\u00e2mara dos Deputados, Arthur Lira, e do Senado, Rodrigo Pacheco, pedindo a aprova\u00e7\u00e3o de um aux\u00edlio emergencial no valor de R$ 600, com os mesmos crit\u00e9rios que haviam no ano passado para recebimento do benef\u00edcio.<\/p>\n\n\n\n<p>Como justificativa, a carta lembra a crise sanit\u00e1ria vivida no Pa\u00eds por causa da Covid-19 e a necessidade de um apoio financeiro aos mais pobres. O Governo Federal quer pagar um benef\u00edcio m\u00e9dio de R$ 250, o que est\u00e1 bem longe do que foi oferecido no ano passado. O aux\u00edlio tamb\u00e9m deve ser pago a partir de abril para menos pessoas, em quatro parcelas.<\/p>\n\n\n\n<p>O Brasil registrou 2.244 mortes pela Covid-19 nas \u00faltimas 24 horas, totalizando, nesta quarta-feira, dia 24 de mar\u00e7o, 301.087 \u00f3bitos desde o in\u00edcio da pandemia.<\/p>\n\n\n\n<figure class=\"wp-block-image size-large\"><img loading=\"lazy\" decoding=\"async\" width=\"739\" height=\"415\" src=\"https:\/\/blogdorogeriogomes.com.br\/wp-content\/uploads\/2021\/03\/images-2021-03-25T072021.179.jpeg\" alt=\"\" class=\"wp-image-20585\" srcset=\"https:\/\/blogdorogeriogomes.com.br\/noticias\/wp-content\/uploads\/2021\/03\/images-2021-03-25T072021.179.jpeg 739w, https:\/\/blogdorogeriogomes.com.br\/noticias\/wp-content\/uploads\/2021\/03\/images-2021-03-25T072021.179-300x168.jpeg 300w\" sizes=\"auto, (max-width: 739px) 100vw, 739px\" \/><\/figure>\n","protected":false},"excerpt":{"rendered":"<p>Governadores de 16 estados, entre eles, Camilo Santana, do Cear\u00e1, assinaram uma carta aos presidentes da C\u00e2mara dos Deputados, Arthur Lira, e do Senado, Rodrigo Pacheco, pedindo a aprova\u00e7\u00e3o de um aux\u00edlio emergencial no valor de R$ 600, com os mesmos crit\u00e9rios que haviam no ano passado para recebimento do benef\u00edcio. Como justificativa, a carta lembra a crise sanit\u00e1ria vivida no Pa\u00eds por causa da Covid-19 e a necessidade de um apoio financeiro aos mais pobres. O Governo Federal&hellip;<\/p>\n","protected":false},"author":1,"featured_media":20585,"comment_status":"open","ping_status":"open","sticky":false,"template":"","format":"standard","meta":{"footnotes":""},"categories":[1],"tags":[],"class_list":["post-20584","post","type-post","status-publish","format-standard","has-post-thumbnail","hentry","category-noticias"],"_links":{"self":[{"href":"https:\/\/blogdorogeriogomes.com.br\/noticias\/wp-json\/wp\/v2\/posts\/20584","targetHints":{"allow":["GET"]}}],"collection":[{"href":"https:\/\/blogdorogeriogomes.com.br\/noticias\/wp-json\/wp\/v2\/posts"}],"about":[{"href":"https:\/\/blogdorogeriogomes.com.br\/noticias\/wp-json\/wp\/v2\/types\/post"}],"author":[{"embeddable":true,"href":"https:\/\/blogdorogeriogomes.com.br\/noticias\/wp-json\/wp\/v2\/users\/1"}],"replies":[{"embeddable":true,"href":"https:\/\/blogdorogeriogomes.com.br\/noticias\/wp-json\/wp\/v2\/comments?post=20584"}],"version-history":[{"count":1,"href":"https:\/\/blogdorogeriogomes.com.br\/noticias\/wp-json\/wp\/v2\/posts\/20584\/revisions"}],"predecessor-version":[{"id":20586,"href":"https:\/\/blogdorogeriogomes.com.br\/noticias\/wp-json\/wp\/v2\/posts\/20584\/revisions\/20586"}],"wp:featuredmedia":[{"embeddable":true,"href":"https:\/\/blogdorogeriogomes.com.br\/noticias\/wp-json\/wp\/v2\/media\/20585"}],"wp:attachment":[{"href":"https:\/\/blogdorogeriogomes.com.br\/noticias\/wp-json\/wp\/v2\/media?parent=20584"}],"wp:term":[{"taxonomy":"category","embeddable":true,"href":"https:\/\/blogdorogeriogomes.com.br\/noticias\/wp-json\/wp\/v2\/categories?post=20584"},{"taxonomy":"post_tag","embeddable":true,"href":"https:\/\/blogdorogeriogomes.com.br\/noticias\/wp-json\/wp\/v2\/tags?post=20584"}],"curies":[{"name":"wp","href":"https:\/\/api.w.org\/{rel}","templated":true}]}}