{"id":20587,"date":"2021-03-25T10:47:03","date_gmt":"2021-03-25T10:47:03","guid":{"rendered":"https:\/\/blogdorogeriogomes.com.br\/?p=20587"},"modified":"2021-03-25T22:38:00","modified_gmt":"2021-03-25T22:38:00","slug":"motoristas-de-onibus-e-trabalhadores-da-construcao-civil-pressionam-para-ter-acesso-a-vacinas-contra-a-covid-19","status":"publish","type":"post","link":"https:\/\/blogdorogeriogomes.com.br\/noticias\/2021\/03\/motoristas-de-onibus-e-trabalhadores-da-construcao-civil-pressionam-para-ter-acesso-a-vacinas-contra-a-covid-19\/","title":{"rendered":"Motoristas de \u00f4nibus e trabalhadores da constru\u00e7\u00e3o civil pressionam para ter acesso a vacinas contra a Covid-19"},"content":{"rendered":"\n<p>Trabalhadores da constru\u00e7\u00e3o civil e motoristas de \u00f4nibus em Fortaleza pressionam as autoridades para entrar no grupo priorit\u00e1rio para receber a vacina contra a Covid-19. Nesta quarta-feira, dia 24 de mar\u00e7o, os terminais do Papicu, Ant\u00f4nio Bezerra e Messejana, tiveram a circula\u00e7\u00e3o de \u00f4nibus paralisada por uma mobiliza\u00e7\u00e3o das duas categorias. que reivindica prioridade na imuniza\u00e7\u00e3o contra Covid-19 para profissionais do transporte p\u00fablico e plano de sa\u00fade que atenda \u00e0s necessidades da categoria. <br>Em nota, o Sindicato das Empresas de Transporte de Passageiros do Estado do Cear\u00e1 (Sindi\u00f4nibus) afirmou que a paralisa\u00e7\u00e3o durou cerca de duas horas.<br>Segundo o presidente do Sintro, Domingos Neto, cinco profissionais do transporte p\u00fablico morreram por Covid-19 nos \u00faltimos dias.<br>Diante de uma vacina\u00e7\u00e3o ainda lenta em todo o Pa\u00eds, v\u00e1rias categorias profissionais reivindicam entrar no grupo priorit\u00e1rio. A exemplo dos trabalhadores rodovi\u00e1rios e da constru\u00e7\u00e3o civil, h\u00e1 categorias que alegam tamb\u00e9m estar na linha de servi\u00e7os essenciais que n\u00e3o t\u00eam parado durante a pandemia.<br><\/p>\n\n\n\n<figure class=\"wp-block-image size-large\"><img loading=\"lazy\" decoding=\"async\" width=\"576\" height=\"1024\" src=\"https:\/\/blogdorogeriogomes.com.br\/wp-content\/uploads\/2021\/03\/IMG-20210324-WA0130-576x1024.jpg\" alt=\"\" class=\"wp-image-20588\" srcset=\"https:\/\/blogdorogeriogomes.com.br\/noticias\/wp-content\/uploads\/2021\/03\/IMG-20210324-WA0130-576x1024.jpg 576w, https:\/\/blogdorogeriogomes.com.br\/noticias\/wp-content\/uploads\/2021\/03\/IMG-20210324-WA0130-169x300.jpg 169w, https:\/\/blogdorogeriogomes.com.br\/noticias\/wp-content\/uploads\/2021\/03\/IMG-20210324-WA0130.jpg 720w\" sizes=\"auto, (max-width: 576px) 100vw, 576px\" \/><\/figure>\n","protected":false},"excerpt":{"rendered":"<p>Trabalhadores da constru\u00e7\u00e3o civil e motoristas de \u00f4nibus em Fortaleza pressionam as autoridades para entrar no grupo priorit\u00e1rio para receber a vacina contra a Covid-19. Nesta quarta-feira, dia 24 de mar\u00e7o, os terminais do Papicu, Ant\u00f4nio Bezerra e Messejana, tiveram a circula\u00e7\u00e3o de \u00f4nibus paralisada por uma mobiliza\u00e7\u00e3o das duas categorias. que reivindica prioridade na imuniza\u00e7\u00e3o contra Covid-19 para profissionais do transporte p\u00fablico e plano de sa\u00fade que atenda \u00e0s necessidades da categoria. Em nota, o Sindicato das Empresas&hellip;<\/p>\n","protected":false},"author":1,"featured_media":20588,"comment_status":"open","ping_status":"open","sticky":false,"template":"","format":"standard","meta":{"footnotes":""},"categories":[1],"tags":[],"class_list":["post-20587","post","type-post","status-publish","format-standard","has-post-thumbnail","hentry","category-noticias"],"_links":{"self":[{"href":"https:\/\/blogdorogeriogomes.com.br\/noticias\/wp-json\/wp\/v2\/posts\/20587","targetHints":{"allow":["GET"]}}],"collection":[{"href":"https:\/\/blogdorogeriogomes.com.br\/noticias\/wp-json\/wp\/v2\/posts"}],"about":[{"href":"https:\/\/blogdorogeriogomes.com.br\/noticias\/wp-json\/wp\/v2\/types\/post"}],"author":[{"embeddable":true,"href":"https:\/\/blogdorogeriogomes.com.br\/noticias\/wp-json\/wp\/v2\/users\/1"}],"replies":[{"embeddable":true,"href":"https:\/\/blogdorogeriogomes.com.br\/noticias\/wp-json\/wp\/v2\/comments?post=20587"}],"version-history":[{"count":1,"href":"https:\/\/blogdorogeriogomes.com.br\/noticias\/wp-json\/wp\/v2\/posts\/20587\/revisions"}],"predecessor-version":[{"id":20589,"href":"https:\/\/blogdorogeriogomes.com.br\/noticias\/wp-json\/wp\/v2\/posts\/20587\/revisions\/20589"}],"wp:featuredmedia":[{"embeddable":true,"href":"https:\/\/blogdorogeriogomes.com.br\/noticias\/wp-json\/wp\/v2\/media\/20588"}],"wp:attachment":[{"href":"https:\/\/blogdorogeriogomes.com.br\/noticias\/wp-json\/wp\/v2\/media?parent=20587"}],"wp:term":[{"taxonomy":"category","embeddable":true,"href":"https:\/\/blogdorogeriogomes.com.br\/noticias\/wp-json\/wp\/v2\/categories?post=20587"},{"taxonomy":"post_tag","embeddable":true,"href":"https:\/\/blogdorogeriogomes.com.br\/noticias\/wp-json\/wp\/v2\/tags?post=20587"}],"curies":[{"name":"wp","href":"https:\/\/api.w.org\/{rel}","templated":true}]}}