{"id":20590,"date":"2021-03-25T19:29:49","date_gmt":"2021-03-25T19:29:49","guid":{"rendered":"https:\/\/blogdorogeriogomes.com.br\/?p=20590"},"modified":"2021-03-25T22:37:17","modified_gmt":"2021-03-25T22:37:17","slug":"arthur-lira-e-rodrigo-pacheco-pressionam-bolsonaro-por-demissao-do-chanceler-ernesto-araujo-presidente-busca-saida-honrosa","status":"publish","type":"post","link":"https:\/\/blogdorogeriogomes.com.br\/noticias\/2021\/03\/arthur-lira-e-rodrigo-pacheco-pressionam-bolsonaro-por-demissao-do-chanceler-ernesto-araujo-presidente-busca-saida-honrosa\/","title":{"rendered":"Arthur Lira e Rodrigo Pacheco pressionam Bolsonaro por demiss\u00e3o do chanceler Ernesto Ara\u00fajo. Presidente busca &#8220;sa\u00edda honrosa&#8221;"},"content":{"rendered":"\n<p>A postura negacionista e o descontrole na gest\u00e3o da pandemia de Covid-19 no Brasil pesam cada vez mais contra o governo de Jair Bolsonaro. No Congresso, as lideran\u00e7as parlamentares do Centr\u00e3o j\u00e1 n\u00e3o sustentam como em outros tempos a boa rela\u00e7\u00e3o com a gest\u00e3o bolsonarista. Na manh\u00e3 desta quinta-feira, dia 25 de mar\u00e7o, o presidente da C\u00e2mara dos Deputados, Arthur Lira, foi \u00e0 resid\u00eancia oficial do presidente para cobrar mudan\u00e7a de rumos na atua\u00e7\u00e3o do Itamaraty no combate \u00e0 pandemia, colocando em xeque a perman\u00eancia do chanceler Ernesto Ara\u00fajo, respons\u00e1vel por muitas tens\u00f5es diplom\u00e1ticas.<\/p>\n\n\n\n<p>Lira cobrou mais empenho estadista nas rela\u00e7\u00f5es exteriores, principalmente nos di\u00e1logos com pa\u00edses como Estados Unidos e China. A &#8220;fritura&#8221; de Ara\u00fajo j\u00e1 vem amadurecendo no Legislativo. Al\u00e9m do presidente da C\u00e2mara, o presidente do Senado, Rodrigo Pacheco (DEM), tamb\u00e9m refor\u00e7a a press\u00e3o. Ambos os representantes do Congresso estiveram reunidos no in\u00edcio da semana com empres\u00e1rios brasileiros, que criticaram o governo federal por posturas ideol\u00f3gicas que trouxeram consequ\u00eancias graves \u00e0 economia.<\/p>\n\n\n\n<p>Arthur Lira tamb\u00e9m afirmou na \u00faltima quarta-feira, dia 24, que, caso n\u00e3o haja uma mudan\u00e7a radical na condu\u00e7\u00e3o da crise sanit\u00e1ria no Pa\u00eds, o Legislativo usar\u00e1 de &#8220;rem\u00e9dios pol\u00edticos amargos&#8221; contra a presid\u00eancia, deixando evidente a amea\u00e7a de CPIs e abertura do processo de impeachment.<\/p>\n\n\n\n<p>O posicionamento mais duro de Arthur Lira &#8211; eleito neste ano para a presid\u00eancia como candidato apoiado por Bolsonaro &#8211; veio ap\u00f3s a reuni\u00e3o de cria\u00e7\u00e3o do comit\u00ea entre os tr\u00eas poderes para gest\u00e3o do combate \u00e0 Covid-19, da qual nenhuma a\u00e7\u00e3o mais eficiente diante do grave cen\u00e1rio da pandemia foi anunciado. Pelo contr\u00e1rio, o presidente reafirmou sua postura favor\u00e1vel a tratamentos precoces n\u00e3o recomendados por cientistas e autoridades da Sa\u00fade. Em sua defesa, nesta quinta-feira, o chefe executivo disse ser um &#8220;velho amigo de parlamento&#8221; de Lira e que est\u00e1 &#8220;tudo normal&#8221; entre governo e presid\u00eancia do Parlamento.<\/p>\n\n\n\n<figure class=\"wp-block-image size-large\"><img loading=\"lazy\" decoding=\"async\" width=\"640\" height=\"480\" src=\"https:\/\/blogdorogeriogomes.com.br\/wp-content\/uploads\/2021\/03\/images-2021-03-25T162413.483.jpeg\" alt=\"\" class=\"wp-image-20591\" srcset=\"https:\/\/blogdorogeriogomes.com.br\/noticias\/wp-content\/uploads\/2021\/03\/images-2021-03-25T162413.483.jpeg 640w, https:\/\/blogdorogeriogomes.com.br\/noticias\/wp-content\/uploads\/2021\/03\/images-2021-03-25T162413.483-300x225.jpeg 300w, https:\/\/blogdorogeriogomes.com.br\/noticias\/wp-content\/uploads\/2021\/03\/images-2021-03-25T162413.483-400x300.jpeg 400w\" sizes=\"auto, (max-width: 640px) 100vw, 640px\" \/><\/figure>\n","protected":false},"excerpt":{"rendered":"<p>A postura negacionista e o descontrole na gest\u00e3o da pandemia de Covid-19 no Brasil pesam cada vez mais contra o governo de Jair Bolsonaro. No Congresso, as lideran\u00e7as parlamentares do Centr\u00e3o j\u00e1 n\u00e3o sustentam como em outros tempos a boa rela\u00e7\u00e3o com a gest\u00e3o bolsonarista. Na manh\u00e3 desta quinta-feira, dia 25 de mar\u00e7o, o presidente da C\u00e2mara dos Deputados, Arthur Lira, foi \u00e0 resid\u00eancia oficial do presidente para cobrar mudan\u00e7a de rumos na atua\u00e7\u00e3o do Itamaraty no combate \u00e0&hellip;<\/p>\n","protected":false},"author":1,"featured_media":20591,"comment_status":"open","ping_status":"open","sticky":false,"template":"","format":"standard","meta":{"footnotes":""},"categories":[1],"tags":[],"class_list":["post-20590","post","type-post","status-publish","format-standard","has-post-thumbnail","hentry","category-noticias"],"_links":{"self":[{"href":"https:\/\/blogdorogeriogomes.com.br\/noticias\/wp-json\/wp\/v2\/posts\/20590","targetHints":{"allow":["GET"]}}],"collection":[{"href":"https:\/\/blogdorogeriogomes.com.br\/noticias\/wp-json\/wp\/v2\/posts"}],"about":[{"href":"https:\/\/blogdorogeriogomes.com.br\/noticias\/wp-json\/wp\/v2\/types\/post"}],"author":[{"embeddable":true,"href":"https:\/\/blogdorogeriogomes.com.br\/noticias\/wp-json\/wp\/v2\/users\/1"}],"replies":[{"embeddable":true,"href":"https:\/\/blogdorogeriogomes.com.br\/noticias\/wp-json\/wp\/v2\/comments?post=20590"}],"version-history":[{"count":1,"href":"https:\/\/blogdorogeriogomes.com.br\/noticias\/wp-json\/wp\/v2\/posts\/20590\/revisions"}],"predecessor-version":[{"id":20592,"href":"https:\/\/blogdorogeriogomes.com.br\/noticias\/wp-json\/wp\/v2\/posts\/20590\/revisions\/20592"}],"wp:featuredmedia":[{"embeddable":true,"href":"https:\/\/blogdorogeriogomes.com.br\/noticias\/wp-json\/wp\/v2\/media\/20591"}],"wp:attachment":[{"href":"https:\/\/blogdorogeriogomes.com.br\/noticias\/wp-json\/wp\/v2\/media?parent=20590"}],"wp:term":[{"taxonomy":"category","embeddable":true,"href":"https:\/\/blogdorogeriogomes.com.br\/noticias\/wp-json\/wp\/v2\/categories?post=20590"},{"taxonomy":"post_tag","embeddable":true,"href":"https:\/\/blogdorogeriogomes.com.br\/noticias\/wp-json\/wp\/v2\/tags?post=20590"}],"curies":[{"name":"wp","href":"https:\/\/api.w.org\/{rel}","templated":true}]}}