{"id":20593,"date":"2021-03-25T23:08:43","date_gmt":"2021-03-25T23:08:43","guid":{"rendered":"https:\/\/blogdorogeriogomes.com.br\/?p=20593"},"modified":"2021-03-26T11:20:33","modified_gmt":"2021-03-26T11:20:33","slug":"ceara-e-o-segundo-estado-que-mais-aplicou-vacinas-adquiridas-contra-a-covid-19","status":"publish","type":"post","link":"https:\/\/blogdorogeriogomes.com.br\/noticias\/2021\/03\/ceara-e-o-segundo-estado-que-mais-aplicou-vacinas-adquiridas-contra-a-covid-19\/","title":{"rendered":"Cear\u00e1 \u00e9 o segundo estado que mais aplicou vacinas adquiridas contra a Covid-19"},"content":{"rendered":"\n<p>Dos imunizantes contra a Covid-19 recebidos at\u00e9 o momento, o Cear\u00e1 j\u00e1 aplicou 77,3% das doses adquiridas e \u00e9 o segundo estado com maior taxa de aplica\u00e7\u00e3o das vacinas. S\u00e3o Paulo lidera a lista com aplica\u00e7\u00e3o de mais de 87% das doses distribu\u00eddas pelo Plano Nacional de Imuniza\u00e7\u00e3o (PNI). A informa\u00e7\u00e3o foi divulgada pelo cons\u00f3rcio de ve\u00edculos de imprensa, integrado por G1, O Globo, Extra, O Estado de S. Paulo, Folha de S. Paulo e UOL.<br>Segundo o Secret\u00e1rio da Sa\u00fade do Cear\u00e1 (Sesa), Dr. Cabeto, at\u00e9 o momento, mais de 567.600 cearenses j\u00e1 receberam alguma das doses da vacina contra o novo coronav\u00edrus, ou seja, 6,18% da popula\u00e7\u00e3o cearense. O Estado recebeu 10 lotes de imunizantes, ap\u00f3s repasse do Minist\u00e9rio da Sa\u00fade &#8211; o equivalente a 1,17 milh\u00e3o de vacinas. A capital Fortaleza e outros munic\u00edpios est\u00e3o com a segunda fase de vacina\u00e7\u00e3o em curso, contemplando idosos com menos de 75 anos e comunidades quilombolas nos grupos priorit\u00e1rios.&nbsp;<br>A expectativa \u00e9 que, a partir do pr\u00f3ximo m\u00eas, a vacina\u00e7\u00e3o ganhe mais ritmo com a chegada do primeiro lote de vacinas russas Sputnik V. A compra dos imunizantes foi anunciada pelo governador Camilo Santana no \u00faltimo dia 19, numa negocia\u00e7\u00e3o direta e sem interm\u00e9dio do Governo Federal.<\/p>\n\n\n\n<figure class=\"wp-block-image size-large\"><img loading=\"lazy\" decoding=\"async\" width=\"701\" height=\"438\" src=\"https:\/\/blogdorogeriogomes.com.br\/wp-content\/uploads\/2021\/03\/images-2021-03-25T195301.847.jpeg\" alt=\"\" class=\"wp-image-20594\" srcset=\"https:\/\/blogdorogeriogomes.com.br\/noticias\/wp-content\/uploads\/2021\/03\/images-2021-03-25T195301.847.jpeg 701w, https:\/\/blogdorogeriogomes.com.br\/noticias\/wp-content\/uploads\/2021\/03\/images-2021-03-25T195301.847-300x187.jpeg 300w\" sizes=\"auto, (max-width: 701px) 100vw, 701px\" \/><\/figure>\n","protected":false},"excerpt":{"rendered":"<p>Dos imunizantes contra a Covid-19 recebidos at\u00e9 o momento, o Cear\u00e1 j\u00e1 aplicou 77,3% das doses adquiridas e \u00e9 o segundo estado com maior taxa de aplica\u00e7\u00e3o das vacinas. S\u00e3o Paulo lidera a lista com aplica\u00e7\u00e3o de mais de 87% das doses distribu\u00eddas pelo Plano Nacional de Imuniza\u00e7\u00e3o (PNI). A informa\u00e7\u00e3o foi divulgada pelo cons\u00f3rcio de ve\u00edculos de imprensa, integrado por G1, O Globo, Extra, O Estado de S. Paulo, Folha de S. Paulo e UOL.Segundo o Secret\u00e1rio da&hellip;<\/p>\n","protected":false},"author":1,"featured_media":20594,"comment_status":"open","ping_status":"open","sticky":false,"template":"","format":"standard","meta":{"footnotes":""},"categories":[1],"tags":[],"class_list":["post-20593","post","type-post","status-publish","format-standard","has-post-thumbnail","hentry","category-noticias"],"_links":{"self":[{"href":"https:\/\/blogdorogeriogomes.com.br\/noticias\/wp-json\/wp\/v2\/posts\/20593","targetHints":{"allow":["GET"]}}],"collection":[{"href":"https:\/\/blogdorogeriogomes.com.br\/noticias\/wp-json\/wp\/v2\/posts"}],"about":[{"href":"https:\/\/blogdorogeriogomes.com.br\/noticias\/wp-json\/wp\/v2\/types\/post"}],"author":[{"embeddable":true,"href":"https:\/\/blogdorogeriogomes.com.br\/noticias\/wp-json\/wp\/v2\/users\/1"}],"replies":[{"embeddable":true,"href":"https:\/\/blogdorogeriogomes.com.br\/noticias\/wp-json\/wp\/v2\/comments?post=20593"}],"version-history":[{"count":2,"href":"https:\/\/blogdorogeriogomes.com.br\/noticias\/wp-json\/wp\/v2\/posts\/20593\/revisions"}],"predecessor-version":[{"id":20607,"href":"https:\/\/blogdorogeriogomes.com.br\/noticias\/wp-json\/wp\/v2\/posts\/20593\/revisions\/20607"}],"wp:featuredmedia":[{"embeddable":true,"href":"https:\/\/blogdorogeriogomes.com.br\/noticias\/wp-json\/wp\/v2\/media\/20594"}],"wp:attachment":[{"href":"https:\/\/blogdorogeriogomes.com.br\/noticias\/wp-json\/wp\/v2\/media?parent=20593"}],"wp:term":[{"taxonomy":"category","embeddable":true,"href":"https:\/\/blogdorogeriogomes.com.br\/noticias\/wp-json\/wp\/v2\/categories?post=20593"},{"taxonomy":"post_tag","embeddable":true,"href":"https:\/\/blogdorogeriogomes.com.br\/noticias\/wp-json\/wp\/v2\/tags?post=20593"}],"curies":[{"name":"wp","href":"https:\/\/api.w.org\/{rel}","templated":true}]}}