{"id":20596,"date":"2021-03-25T23:13:45","date_gmt":"2021-03-25T23:13:45","guid":{"rendered":"https:\/\/blogdorogeriogomes.com.br\/?p=20596"},"modified":"2021-03-26T11:20:10","modified_gmt":"2021-03-26T11:20:10","slug":"ceara-recebe-o-11-lote-de-vacinas-contra-o-coronavirus-nesta-sexta-feira","status":"publish","type":"post","link":"https:\/\/blogdorogeriogomes.com.br\/noticias\/2021\/03\/ceara-recebe-o-11-lote-de-vacinas-contra-o-coronavirus-nesta-sexta-feira\/","title":{"rendered":"Cear\u00e1 recebe o 11\u00b0 lote de vacinas contra o coronav\u00edrus nesta sexta-feira"},"content":{"rendered":"\n<p>Nesta sexta-feira, dia 26 de mar\u00e7o, o&nbsp;Cear\u00e1 recebe um novo lote de vacinas contra a Covid-19. Esta, que \u00e9 a 11\u00aa remessa de imunizantes que chega ao Estado, possui 124.400&nbsp;doses&nbsp;de CoronaVac e 33.700 da Oxford\/AstraZeneca. No total, s\u00e3o 158.100 doses.<br>De acordo com o governador Camilo Santana, o novo lote ser\u00e1 distribu\u00eddo em Fortaleza e cidades do interior, que j\u00e1 iniciaram a segunda fase de vacina\u00e7\u00e3o, que inclui idosos na faixa et\u00e1ria entre 60 e 74 anos de idade.<\/p>\n\n\n\n<figure class=\"wp-block-image size-large\"><img loading=\"lazy\" decoding=\"async\" width=\"678\" height=\"452\" src=\"https:\/\/blogdorogeriogomes.com.br\/wp-content\/uploads\/2021\/03\/IMG-20210325-WA0165.jpg\" alt=\"\" class=\"wp-image-20597\" srcset=\"https:\/\/blogdorogeriogomes.com.br\/noticias\/wp-content\/uploads\/2021\/03\/IMG-20210325-WA0165.jpg 678w, https:\/\/blogdorogeriogomes.com.br\/noticias\/wp-content\/uploads\/2021\/03\/IMG-20210325-WA0165-300x200.jpg 300w\" sizes=\"auto, (max-width: 678px) 100vw, 678px\" \/><\/figure>\n","protected":false},"excerpt":{"rendered":"<p>Nesta sexta-feira, dia 26 de mar\u00e7o, o&nbsp;Cear\u00e1 recebe um novo lote de vacinas contra a Covid-19. Esta, que \u00e9 a 11\u00aa remessa de imunizantes que chega ao Estado, possui 124.400&nbsp;doses&nbsp;de CoronaVac e 33.700 da Oxford\/AstraZeneca. No total, s\u00e3o 158.100 doses.De acordo com o governador Camilo Santana, o novo lote ser\u00e1 distribu\u00eddo em Fortaleza e cidades do interior, que j\u00e1 iniciaram a segunda fase de vacina\u00e7\u00e3o, que inclui idosos na faixa et\u00e1ria entre 60 e 74 anos de idade.<\/p>\n","protected":false},"author":1,"featured_media":20597,"comment_status":"open","ping_status":"open","sticky":false,"template":"","format":"standard","meta":{"footnotes":""},"categories":[1],"tags":[],"class_list":["post-20596","post","type-post","status-publish","format-standard","has-post-thumbnail","hentry","category-noticias"],"_links":{"self":[{"href":"https:\/\/blogdorogeriogomes.com.br\/noticias\/wp-json\/wp\/v2\/posts\/20596","targetHints":{"allow":["GET"]}}],"collection":[{"href":"https:\/\/blogdorogeriogomes.com.br\/noticias\/wp-json\/wp\/v2\/posts"}],"about":[{"href":"https:\/\/blogdorogeriogomes.com.br\/noticias\/wp-json\/wp\/v2\/types\/post"}],"author":[{"embeddable":true,"href":"https:\/\/blogdorogeriogomes.com.br\/noticias\/wp-json\/wp\/v2\/users\/1"}],"replies":[{"embeddable":true,"href":"https:\/\/blogdorogeriogomes.com.br\/noticias\/wp-json\/wp\/v2\/comments?post=20596"}],"version-history":[{"count":1,"href":"https:\/\/blogdorogeriogomes.com.br\/noticias\/wp-json\/wp\/v2\/posts\/20596\/revisions"}],"predecessor-version":[{"id":20598,"href":"https:\/\/blogdorogeriogomes.com.br\/noticias\/wp-json\/wp\/v2\/posts\/20596\/revisions\/20598"}],"wp:featuredmedia":[{"embeddable":true,"href":"https:\/\/blogdorogeriogomes.com.br\/noticias\/wp-json\/wp\/v2\/media\/20597"}],"wp:attachment":[{"href":"https:\/\/blogdorogeriogomes.com.br\/noticias\/wp-json\/wp\/v2\/media?parent=20596"}],"wp:term":[{"taxonomy":"category","embeddable":true,"href":"https:\/\/blogdorogeriogomes.com.br\/noticias\/wp-json\/wp\/v2\/categories?post=20596"},{"taxonomy":"post_tag","embeddable":true,"href":"https:\/\/blogdorogeriogomes.com.br\/noticias\/wp-json\/wp\/v2\/tags?post=20596"}],"curies":[{"name":"wp","href":"https:\/\/api.w.org\/{rel}","templated":true}]}}