{"id":20599,"date":"2021-03-26T10:52:23","date_gmt":"2021-03-26T10:52:23","guid":{"rendered":"https:\/\/blogdorogeriogomes.com.br\/?p=20599"},"modified":"2021-03-26T11:20:02","modified_gmt":"2021-03-26T11:20:02","slug":"atendimento-nas-upas-do-ceara-comeca-a-estabilizar-apos-duas-semanas-de-isolamento-rigido","status":"publish","type":"post","link":"https:\/\/blogdorogeriogomes.com.br\/noticias\/2021\/03\/atendimento-nas-upas-do-ceara-comeca-a-estabilizar-apos-duas-semanas-de-isolamento-rigido\/","title":{"rendered":"Atendimento nas UPAs do Cear\u00e1 come\u00e7a a estabilizar ap\u00f3s duas semanas de isolamento r\u00edgido"},"content":{"rendered":"\n<p>O Cear\u00e1 tamb\u00e9m come\u00e7a a sentir o esfor\u00e7o do isolamento r\u00edgido como forma de reduzir a contamina\u00e7\u00e3o pelo coronav\u00edrus. O secret\u00e1rio de Sa\u00fade do Cear\u00e1, Dr. Cabeto, afirmou em entrevista \u00e0 TV Verdes Mares, nesta quinta-feira, dia 25 de mar\u00e7o, que as Unidades de Pronto Atendimento (UPAs) do Cear\u00e1 j\u00e1 d\u00e3o sinais de estabiliza\u00e7\u00e3o no atendimento de pacientes com sintomas da Covid-19, ap\u00f3s duas semanas com medidas de restri\u00e7\u00f5es na circula\u00e7\u00e3o de pessoas.<\/p>\n\n\n\n<p>\u201cN\u00f3s j\u00e1 temos uma certa estabiliza\u00e7\u00e3o do n\u00famero de pacientes que entram nas UPAs; e um n\u00famero de pessoas que aguarda transfer\u00eancia mais ou menos mantido igual nos \u00faltimos quatro dias. Isso \u00e9 um bom sinal que estamos entrando no que chamamos de plat\u00f4. Isso tem acontecido tanto na rede p\u00fablica quanto privada\u201d, disse o secret\u00e1rio de Sa\u00fade do Cear\u00e1, Dr. Cabeto.<\/p>\n\n\n\n<figure class=\"wp-block-image size-large\"><img loading=\"lazy\" decoding=\"async\" width=\"670\" height=\"458\" src=\"https:\/\/blogdorogeriogomes.com.br\/wp-content\/uploads\/2021\/03\/images-2021-03-26T074421.639.jpeg\" alt=\"\" class=\"wp-image-20600\" srcset=\"https:\/\/blogdorogeriogomes.com.br\/noticias\/wp-content\/uploads\/2021\/03\/images-2021-03-26T074421.639.jpeg 670w, https:\/\/blogdorogeriogomes.com.br\/noticias\/wp-content\/uploads\/2021\/03\/images-2021-03-26T074421.639-300x205.jpeg 300w\" sizes=\"auto, (max-width: 670px) 100vw, 670px\" \/><\/figure>\n","protected":false},"excerpt":{"rendered":"<p>O Cear\u00e1 tamb\u00e9m come\u00e7a a sentir o esfor\u00e7o do isolamento r\u00edgido como forma de reduzir a contamina\u00e7\u00e3o pelo coronav\u00edrus. O secret\u00e1rio de Sa\u00fade do Cear\u00e1, Dr. Cabeto, afirmou em entrevista \u00e0 TV Verdes Mares, nesta quinta-feira, dia 25 de mar\u00e7o, que as Unidades de Pronto Atendimento (UPAs) do Cear\u00e1 j\u00e1 d\u00e3o sinais de estabiliza\u00e7\u00e3o no atendimento de pacientes com sintomas da Covid-19, ap\u00f3s duas semanas com medidas de restri\u00e7\u00f5es na circula\u00e7\u00e3o de pessoas. \u201cN\u00f3s j\u00e1 temos uma certa estabiliza\u00e7\u00e3o&hellip;<\/p>\n","protected":false},"author":1,"featured_media":20600,"comment_status":"open","ping_status":"open","sticky":false,"template":"","format":"standard","meta":{"footnotes":""},"categories":[1],"tags":[],"class_list":["post-20599","post","type-post","status-publish","format-standard","has-post-thumbnail","hentry","category-noticias"],"_links":{"self":[{"href":"https:\/\/blogdorogeriogomes.com.br\/noticias\/wp-json\/wp\/v2\/posts\/20599","targetHints":{"allow":["GET"]}}],"collection":[{"href":"https:\/\/blogdorogeriogomes.com.br\/noticias\/wp-json\/wp\/v2\/posts"}],"about":[{"href":"https:\/\/blogdorogeriogomes.com.br\/noticias\/wp-json\/wp\/v2\/types\/post"}],"author":[{"embeddable":true,"href":"https:\/\/blogdorogeriogomes.com.br\/noticias\/wp-json\/wp\/v2\/users\/1"}],"replies":[{"embeddable":true,"href":"https:\/\/blogdorogeriogomes.com.br\/noticias\/wp-json\/wp\/v2\/comments?post=20599"}],"version-history":[{"count":1,"href":"https:\/\/blogdorogeriogomes.com.br\/noticias\/wp-json\/wp\/v2\/posts\/20599\/revisions"}],"predecessor-version":[{"id":20601,"href":"https:\/\/blogdorogeriogomes.com.br\/noticias\/wp-json\/wp\/v2\/posts\/20599\/revisions\/20601"}],"wp:featuredmedia":[{"embeddable":true,"href":"https:\/\/blogdorogeriogomes.com.br\/noticias\/wp-json\/wp\/v2\/media\/20600"}],"wp:attachment":[{"href":"https:\/\/blogdorogeriogomes.com.br\/noticias\/wp-json\/wp\/v2\/media?parent=20599"}],"wp:term":[{"taxonomy":"category","embeddable":true,"href":"https:\/\/blogdorogeriogomes.com.br\/noticias\/wp-json\/wp\/v2\/categories?post=20599"},{"taxonomy":"post_tag","embeddable":true,"href":"https:\/\/blogdorogeriogomes.com.br\/noticias\/wp-json\/wp\/v2\/tags?post=20599"}],"curies":[{"name":"wp","href":"https:\/\/api.w.org\/{rel}","templated":true}]}}