{"id":20611,"date":"2021-03-26T23:01:07","date_gmt":"2021-03-26T23:01:07","guid":{"rendered":"https:\/\/blogdorogeriogomes.com.br\/?p=20611"},"modified":"2021-03-29T13:54:30","modified_gmt":"2021-03-29T13:54:30","slug":"ceara-tera-mais-uma-semana-de-isolamento-rigido-camilo-sinaliza-em-relaxar-medidas-restritivas-em-5-de-abril","status":"publish","type":"post","link":"https:\/\/blogdorogeriogomes.com.br\/noticias\/2021\/03\/ceara-tera-mais-uma-semana-de-isolamento-rigido-camilo-sinaliza-em-relaxar-medidas-restritivas-em-5-de-abril\/","title":{"rendered":"Cear\u00e1 ter\u00e1 mais uma semana de isolamento r\u00edgido. Camilo sinaliza em relaxar medidas restritivas em 5 de abril"},"content":{"rendered":"\n<p>Em transmiss\u00e3o ao vivo nas redes sociais nesta sexta-feira, dia 26 de mar\u00e7o, o governador Camilo Santana (PT) anunciou que as medidas de isolamento social r\u00edgido adotadas no Cear\u00e1 ser\u00e3o prorrogadas por mais uma semana. Assim, os munic\u00edpios cearenses permanecem cumprindo o isolamento r\u00edgido at\u00e9 o dia 4 de abril. Caso os indicadores apontem uma melhora no cen\u00e1rio da crise sanit\u00e1ria decorrente da pandemia de Covid-19, Camilo garante que poder\u00e1 ser feita uma reabertura gradual a partir do dia 5.<br>&#8220;Nossa decis\u00e3o \u00e9 manter o decreto por mais uma semana, aproveitando a Semana Santa. Vamos ter dois feriados e permanecemos no isolamento social r\u00edgido at\u00e9 o domingo de P\u00e1scoa&#8221;, explicou o governador. O an\u00fancio ocorreu horas depois da reuni\u00e3o de Camilo, governadores de outros estados e secret\u00e1rios de Sa\u00fade, com o novo ministro da Sa\u00fade, Marcelo Queiroga. Na ocasi\u00e3o, foi cobrado do governo federal maior rapidez na aquisi\u00e7\u00e3o e distribui\u00e7\u00e3o de doses da vacina contra Covid-19.<br>O isolamento r\u00edgido de 2021 come\u00e7ou no dia 3 de mar\u00e7o em Fortaleza. No dia 11 de mar\u00e7o, com o aumento de casos do novo coronav\u00edrus, a medida foi ampliada para todos os munic\u00edpios cearenses.<br>Presente na transmiss\u00e3o, o secret\u00e1rio da Sa\u00fade do Cear\u00e1, Dr. Cabeto, afirmou que o contexto de medidas mais restritivas colabora para que o Estado esteja hoje apresentando tend\u00eancia de uma estabiliza\u00e7\u00e3o no n\u00famero de casos. Contudo, alertou que ainda \u00e9 necess\u00e1rio manter a rigidez nos protocolos para que a queda seja confirmada ao longo dos pr\u00f3ximos dias.<\/p>\n\n\n\n<figure class=\"wp-block-image size-large\"><img loading=\"lazy\" decoding=\"async\" width=\"739\" height=\"415\" src=\"https:\/\/blogdorogeriogomes.com.br\/wp-content\/uploads\/2021\/03\/images-2021-03-26T195018.864.jpeg\" alt=\"\" class=\"wp-image-20612\" srcset=\"https:\/\/blogdorogeriogomes.com.br\/noticias\/wp-content\/uploads\/2021\/03\/images-2021-03-26T195018.864.jpeg 739w, https:\/\/blogdorogeriogomes.com.br\/noticias\/wp-content\/uploads\/2021\/03\/images-2021-03-26T195018.864-300x168.jpeg 300w\" sizes=\"auto, (max-width: 739px) 100vw, 739px\" \/><\/figure>\n","protected":false},"excerpt":{"rendered":"<p>Em transmiss\u00e3o ao vivo nas redes sociais nesta sexta-feira, dia 26 de mar\u00e7o, o governador Camilo Santana (PT) anunciou que as medidas de isolamento social r\u00edgido adotadas no Cear\u00e1 ser\u00e3o prorrogadas por mais uma semana. Assim, os munic\u00edpios cearenses permanecem cumprindo o isolamento r\u00edgido at\u00e9 o dia 4 de abril. Caso os indicadores apontem uma melhora no cen\u00e1rio da crise sanit\u00e1ria decorrente da pandemia de Covid-19, Camilo garante que poder\u00e1 ser feita uma reabertura gradual a partir do dia&hellip;<\/p>\n","protected":false},"author":1,"featured_media":20612,"comment_status":"open","ping_status":"open","sticky":false,"template":"","format":"standard","meta":{"footnotes":""},"categories":[1],"tags":[],"class_list":["post-20611","post","type-post","status-publish","format-standard","has-post-thumbnail","hentry","category-noticias"],"_links":{"self":[{"href":"https:\/\/blogdorogeriogomes.com.br\/noticias\/wp-json\/wp\/v2\/posts\/20611","targetHints":{"allow":["GET"]}}],"collection":[{"href":"https:\/\/blogdorogeriogomes.com.br\/noticias\/wp-json\/wp\/v2\/posts"}],"about":[{"href":"https:\/\/blogdorogeriogomes.com.br\/noticias\/wp-json\/wp\/v2\/types\/post"}],"author":[{"embeddable":true,"href":"https:\/\/blogdorogeriogomes.com.br\/noticias\/wp-json\/wp\/v2\/users\/1"}],"replies":[{"embeddable":true,"href":"https:\/\/blogdorogeriogomes.com.br\/noticias\/wp-json\/wp\/v2\/comments?post=20611"}],"version-history":[{"count":1,"href":"https:\/\/blogdorogeriogomes.com.br\/noticias\/wp-json\/wp\/v2\/posts\/20611\/revisions"}],"predecessor-version":[{"id":20613,"href":"https:\/\/blogdorogeriogomes.com.br\/noticias\/wp-json\/wp\/v2\/posts\/20611\/revisions\/20613"}],"wp:featuredmedia":[{"embeddable":true,"href":"https:\/\/blogdorogeriogomes.com.br\/noticias\/wp-json\/wp\/v2\/media\/20612"}],"wp:attachment":[{"href":"https:\/\/blogdorogeriogomes.com.br\/noticias\/wp-json\/wp\/v2\/media?parent=20611"}],"wp:term":[{"taxonomy":"category","embeddable":true,"href":"https:\/\/blogdorogeriogomes.com.br\/noticias\/wp-json\/wp\/v2\/categories?post=20611"},{"taxonomy":"post_tag","embeddable":true,"href":"https:\/\/blogdorogeriogomes.com.br\/noticias\/wp-json\/wp\/v2\/tags?post=20611"}],"curies":[{"name":"wp","href":"https:\/\/api.w.org\/{rel}","templated":true}]}}