{"id":20614,"date":"2021-03-27T12:14:21","date_gmt":"2021-03-27T12:14:21","guid":{"rendered":"https:\/\/blogdorogeriogomes.com.br\/?p=20614"},"modified":"2021-03-27T12:14:24","modified_gmt":"2021-03-27T12:14:24","slug":"bolsonaro-tenta-sustentar-ernesto-araujo-mas-centrao-pressiona-e-tambem-quer-a-saida-de-ricardo-salles-do-meio-ambiente","status":"publish","type":"post","link":"https:\/\/blogdorogeriogomes.com.br\/noticias\/2021\/03\/bolsonaro-tenta-sustentar-ernesto-araujo-mas-centrao-pressiona-e-tambem-quer-a-saida-de-ricardo-salles-do-meio-ambiente\/","title":{"rendered":"Bolsonaro tenta sustentar Ernesto Ara\u00fajo, mas Centr\u00e3o pressiona e tamb\u00e9m quer a sa\u00edda de Ricardo Salles do Meio Ambiente"},"content":{"rendered":"\n<p>Os ministros da Rela\u00e7\u00f5es Exteriores, Ernesto Ara\u00fajo, e do Meio Ambiente, Ricardo Salles, s\u00e3o, sem sombra de d\u00favidas, os mais rejeitados do Governo Bolsonaro. E tem motivos para isso. Ambos, s\u00e3o negacionistas e t\u00eam posturas de extrema-direita que agradam a Bolsonaro, mas dificultam a rela\u00e7\u00e3o com os congressistas. A semana foi de forte press\u00e3o para demitir Ernesto Ara\u00fajo, que tem dificultado no cen\u00e1rio internacional a compra de novas vacinas contra a Covid-19 pelo Brasil.<\/p>\n\n\n\n<p>Mas os parlamentares do chamado Centr\u00e3o, que d\u00e1 sustenta\u00e7\u00e3o pol\u00edtica a Bolsonaro no Congresso Nacional, articulam tamb\u00e9m a sa\u00edda de Ricardo Salles do Minist\u00e9rio do Meio Ambiente. O desgaste de Salles no Exterior tamb\u00e9m \u00e9 muito grande, diante de in\u00fameras cr\u00edticas internacionais \u00e0 pol\u00edtica ambiental em curso no Brasil, onde se enfraquece a fiscaliza\u00e7\u00e3o do Ibama e se favorece o desmatamento, principalmente, na Amaz\u00f4nia.<\/p>\n\n\n\n<p>O presidente Jair Bolsonaro trata a sa\u00edda de Ernesto Ara\u00fajo do Governo em &#8220;banho-maria&#8221;. Quer uma sa\u00edda honrosa. Busca um outro cargo para Ara\u00fajo. No entanto, a oposi\u00e7\u00e3o n\u00e3o perde tempo. A bancada do PSOL na C\u00e2mara dos Deputados pediu o impeachment e a responsabiliza\u00e7\u00e3o do chanceler Ernesto Ara\u00fajo ao alegar que o Ministro das Rela\u00e7\u00f5es Exteriores &#8220;conduz o pa\u00eds a um total isolamento, atacando esfor\u00e7os de coopera\u00e7\u00e3o internacional multilateral de enfrentamento \u00e0 pandemia e prejudicando rela\u00e7\u00f5es bilaterais fundamentais para a compra e produ\u00e7\u00e3o de vacinas&#8221;.<\/p>\n\n\n\n<p>No Senado Federal, uma articula\u00e7\u00e3o suprapartidaria promete travar todas as demandas do Itamaraty enquanto o ministro Ernesto Ara\u00fajo n\u00e3o for demitido pelo Presidente da Rep\u00fablica.<\/p>\n\n\n\n<figure class=\"wp-block-image size-large\"><img loading=\"lazy\" decoding=\"async\" width=\"1024\" height=\"492\" src=\"https:\/\/blogdorogeriogomes.com.br\/wp-content\/uploads\/2021\/03\/20190804110856_e98d28b5-bbe3-454a-ae5e-fb5a736bae53-1024x492.jpeg\" alt=\"\" class=\"wp-image-20615\" srcset=\"https:\/\/blogdorogeriogomes.com.br\/noticias\/wp-content\/uploads\/2021\/03\/20190804110856_e98d28b5-bbe3-454a-ae5e-fb5a736bae53-1024x492.jpeg 1024w, https:\/\/blogdorogeriogomes.com.br\/noticias\/wp-content\/uploads\/2021\/03\/20190804110856_e98d28b5-bbe3-454a-ae5e-fb5a736bae53-300x144.jpeg 300w, https:\/\/blogdorogeriogomes.com.br\/noticias\/wp-content\/uploads\/2021\/03\/20190804110856_e98d28b5-bbe3-454a-ae5e-fb5a736bae53-768x369.jpeg 768w, https:\/\/blogdorogeriogomes.com.br\/noticias\/wp-content\/uploads\/2021\/03\/20190804110856_e98d28b5-bbe3-454a-ae5e-fb5a736bae53-800x384.jpeg 800w, https:\/\/blogdorogeriogomes.com.br\/noticias\/wp-content\/uploads\/2021\/03\/20190804110856_e98d28b5-bbe3-454a-ae5e-fb5a736bae53.jpeg 1250w\" sizes=\"auto, (max-width: 1024px) 100vw, 1024px\" \/><\/figure>\n","protected":false},"excerpt":{"rendered":"<p>Os ministros da Rela\u00e7\u00f5es Exteriores, Ernesto Ara\u00fajo, e do Meio Ambiente, Ricardo Salles, s\u00e3o, sem sombra de d\u00favidas, os mais rejeitados do Governo Bolsonaro. E tem motivos para isso. Ambos, s\u00e3o negacionistas e t\u00eam posturas de extrema-direita que agradam a Bolsonaro, mas dificultam a rela\u00e7\u00e3o com os congressistas. A semana foi de forte press\u00e3o para demitir Ernesto Ara\u00fajo, que tem dificultado no cen\u00e1rio internacional a compra de novas vacinas contra a Covid-19 pelo Brasil. Mas os parlamentares do chamado&hellip;<\/p>\n","protected":false},"author":1,"featured_media":0,"comment_status":"open","ping_status":"open","sticky":false,"template":"","format":"standard","meta":{"footnotes":""},"categories":[1],"tags":[],"class_list":["post-20614","post","type-post","status-publish","format-standard","hentry","category-noticias"],"_links":{"self":[{"href":"https:\/\/blogdorogeriogomes.com.br\/noticias\/wp-json\/wp\/v2\/posts\/20614","targetHints":{"allow":["GET"]}}],"collection":[{"href":"https:\/\/blogdorogeriogomes.com.br\/noticias\/wp-json\/wp\/v2\/posts"}],"about":[{"href":"https:\/\/blogdorogeriogomes.com.br\/noticias\/wp-json\/wp\/v2\/types\/post"}],"author":[{"embeddable":true,"href":"https:\/\/blogdorogeriogomes.com.br\/noticias\/wp-json\/wp\/v2\/users\/1"}],"replies":[{"embeddable":true,"href":"https:\/\/blogdorogeriogomes.com.br\/noticias\/wp-json\/wp\/v2\/comments?post=20614"}],"version-history":[{"count":1,"href":"https:\/\/blogdorogeriogomes.com.br\/noticias\/wp-json\/wp\/v2\/posts\/20614\/revisions"}],"predecessor-version":[{"id":20616,"href":"https:\/\/blogdorogeriogomes.com.br\/noticias\/wp-json\/wp\/v2\/posts\/20614\/revisions\/20616"}],"wp:attachment":[{"href":"https:\/\/blogdorogeriogomes.com.br\/noticias\/wp-json\/wp\/v2\/media?parent=20614"}],"wp:term":[{"taxonomy":"category","embeddable":true,"href":"https:\/\/blogdorogeriogomes.com.br\/noticias\/wp-json\/wp\/v2\/categories?post=20614"},{"taxonomy":"post_tag","embeddable":true,"href":"https:\/\/blogdorogeriogomes.com.br\/noticias\/wp-json\/wp\/v2\/tags?post=20614"}],"curies":[{"name":"wp","href":"https:\/\/api.w.org\/{rel}","templated":true}]}}