{"id":20620,"date":"2021-03-28T11:38:55","date_gmt":"2021-03-28T11:38:55","guid":{"rendered":"https:\/\/blogdorogeriogomes.com.br\/?p=20620"},"modified":"2021-03-29T13:54:05","modified_gmt":"2021-03-29T13:54:05","slug":"governador-camilo-santana-manda-um-duro-recado-a-negacionistas-e-propagadores-de-fake-news","status":"publish","type":"post","link":"https:\/\/blogdorogeriogomes.com.br\/noticias\/2021\/03\/governador-camilo-santana-manda-um-duro-recado-a-negacionistas-e-propagadores-de-fake-news\/","title":{"rendered":"Governador Camilo Santana manda um duro recado a negacionistas e propagadores de &#8220;fake news&#8221;"},"content":{"rendered":"\n<p>O governador do Cear\u00e1, Camilo Santana, utilizou as redes sociais, neste s\u00e1bado, dia 27 de mar\u00e7o, para mandar um duro recado a negacionistas e propagadores de &#8220;fake news&#8221; nesses tempos de pandemia da Covid-19. &#8220;Quero dizer que n\u00e3o temos tomado nenhuma decis\u00e3o por conveni\u00eancia, mas unicamente para tentar salvar vidas, procurando sempre seguir a ci\u00eancia e ser justo&#8221;, disse.<\/p>\n\n\n\n<p>Camilo Santana enfatizou que quem nega a gravidade da pandemia e espalha not\u00edcias falsas pelas redes sociais ser\u00e1 julgado pela Hist\u00f3ria. &#8220;Esses ser\u00e3o julgados pela hist\u00f3ria por tanta maldade diante da dor de milhares de fam\u00edlias. Minha consci\u00eancia est\u00e1 em paz&#8221;, ressaltou.<\/p>\n\n\n\n<p>O governador cearense age como tantos outros gestores p\u00fablicos no Pa\u00eds que n\u00e3o t\u00eam se preocupado com o desgaste pol\u00edtico em tomar as medidas certas. Chega de jogar para a plat\u00e9ia! O quanto antes nos livrarmos da pandemia, mais r\u00e1pido poderemos recuperar empregos e a economia. Mas, por enquanto, a sa\u00fade tem que estar em primeiro lugar, inclusive, com vacina\u00e7\u00e3o em massa.<\/p>\n\n\n\n<figure class=\"wp-block-image size-large\"><img loading=\"lazy\" decoding=\"async\" width=\"678\" height=\"452\" src=\"https:\/\/blogdorogeriogomes.com.br\/wp-content\/uploads\/2021\/03\/images-2021-03-28T082739.254.jpeg\" alt=\"\" class=\"wp-image-20621\" srcset=\"https:\/\/blogdorogeriogomes.com.br\/noticias\/wp-content\/uploads\/2021\/03\/images-2021-03-28T082739.254.jpeg 678w, https:\/\/blogdorogeriogomes.com.br\/noticias\/wp-content\/uploads\/2021\/03\/images-2021-03-28T082739.254-300x200.jpeg 300w\" sizes=\"auto, (max-width: 678px) 100vw, 678px\" \/><\/figure>\n","protected":false},"excerpt":{"rendered":"<p>O governador do Cear\u00e1, Camilo Santana, utilizou as redes sociais, neste s\u00e1bado, dia 27 de mar\u00e7o, para mandar um duro recado a negacionistas e propagadores de &#8220;fake news&#8221; nesses tempos de pandemia da Covid-19. &#8220;Quero dizer que n\u00e3o temos tomado nenhuma decis\u00e3o por conveni\u00eancia, mas unicamente para tentar salvar vidas, procurando sempre seguir a ci\u00eancia e ser justo&#8221;, disse. Camilo Santana enfatizou que quem nega a gravidade da pandemia e espalha not\u00edcias falsas pelas redes sociais ser\u00e1 julgado pela&hellip;<\/p>\n","protected":false},"author":1,"featured_media":20621,"comment_status":"open","ping_status":"open","sticky":false,"template":"","format":"standard","meta":{"footnotes":""},"categories":[1],"tags":[],"class_list":["post-20620","post","type-post","status-publish","format-standard","has-post-thumbnail","hentry","category-noticias"],"_links":{"self":[{"href":"https:\/\/blogdorogeriogomes.com.br\/noticias\/wp-json\/wp\/v2\/posts\/20620","targetHints":{"allow":["GET"]}}],"collection":[{"href":"https:\/\/blogdorogeriogomes.com.br\/noticias\/wp-json\/wp\/v2\/posts"}],"about":[{"href":"https:\/\/blogdorogeriogomes.com.br\/noticias\/wp-json\/wp\/v2\/types\/post"}],"author":[{"embeddable":true,"href":"https:\/\/blogdorogeriogomes.com.br\/noticias\/wp-json\/wp\/v2\/users\/1"}],"replies":[{"embeddable":true,"href":"https:\/\/blogdorogeriogomes.com.br\/noticias\/wp-json\/wp\/v2\/comments?post=20620"}],"version-history":[{"count":1,"href":"https:\/\/blogdorogeriogomes.com.br\/noticias\/wp-json\/wp\/v2\/posts\/20620\/revisions"}],"predecessor-version":[{"id":20622,"href":"https:\/\/blogdorogeriogomes.com.br\/noticias\/wp-json\/wp\/v2\/posts\/20620\/revisions\/20622"}],"wp:featuredmedia":[{"embeddable":true,"href":"https:\/\/blogdorogeriogomes.com.br\/noticias\/wp-json\/wp\/v2\/media\/20621"}],"wp:attachment":[{"href":"https:\/\/blogdorogeriogomes.com.br\/noticias\/wp-json\/wp\/v2\/media?parent=20620"}],"wp:term":[{"taxonomy":"category","embeddable":true,"href":"https:\/\/blogdorogeriogomes.com.br\/noticias\/wp-json\/wp\/v2\/categories?post=20620"},{"taxonomy":"post_tag","embeddable":true,"href":"https:\/\/blogdorogeriogomes.com.br\/noticias\/wp-json\/wp\/v2\/tags?post=20620"}],"curies":[{"name":"wp","href":"https:\/\/api.w.org\/{rel}","templated":true}]}}