{"id":20623,"date":"2021-03-29T11:30:55","date_gmt":"2021-03-29T11:30:55","guid":{"rendered":"https:\/\/blogdorogeriogomes.com.br\/?p=20623"},"modified":"2021-03-29T13:53:05","modified_gmt":"2021-03-29T13:53:05","slug":"idosos-a-partir-de-68-anos-ja-podem-se-vacinar-em-fortaleza-fim-de-semana-foi-de-recorde-em-pessoas-imunizadas-na-capital","status":"publish","type":"post","link":"https:\/\/blogdorogeriogomes.com.br\/noticias\/2021\/03\/idosos-a-partir-de-68-anos-ja-podem-se-vacinar-em-fortaleza-fim-de-semana-foi-de-recorde-em-pessoas-imunizadas-na-capital\/","title":{"rendered":"Idosos a partir de 68 anos j\u00e1 podem se vacinar em Fortaleza. Fim de semana foi de recorde em pessoas imunizadas na Capital"},"content":{"rendered":"\n<p>A Secretaria Municipal da Sa\u00fade&nbsp;inicia nesta segunda-feira, dia 29 de mar\u00e7o, a vacina\u00e7\u00e3o de idosos a partir de 68 anos. A vacina\u00e7\u00e3o ocorre em oito pontos de Fortaleza: Cucas da Barra do Cear\u00e1, Jos\u00e9 Walter, Mondubim e Jangurussu, Centro de Eventos, Arena Castel\u00e3o, shoppings RioMar Fortaleza e RioMar Kennedy. O p\u00fablico ser\u00e1 atendido por meio das modalidades drive-thru e pontos de acolhimento para vacina\u00e7\u00e3o. A Prefeitura continua organizando a vacina\u00e7\u00e3o por agendamento, a partir daqueles que j\u00e1 realizaram o cadastro na plataforma Sa\u00fade Digital.<\/p>\n\n\n\n<p>As equipes de sa\u00fade da Capital conseguiram um recorde durante o fim de semana. 33.293 idosos foram vacinados nesta segunda fase da campanha contra a Covid-19 em Fortaleza.<\/p>\n\n\n\n<figure class=\"wp-block-image size-large\"><img loading=\"lazy\" decoding=\"async\" width=\"1024\" height=\"606\" src=\"https:\/\/blogdorogeriogomes.com.br\/wp-content\/uploads\/2021\/03\/28-03-2021-Vacina-01-8Y4A1494-1024x606.jpeg\" alt=\"\" class=\"wp-image-20624\" srcset=\"https:\/\/blogdorogeriogomes.com.br\/noticias\/wp-content\/uploads\/2021\/03\/28-03-2021-Vacina-01-8Y4A1494-1024x606.jpeg 1024w, https:\/\/blogdorogeriogomes.com.br\/noticias\/wp-content\/uploads\/2021\/03\/28-03-2021-Vacina-01-8Y4A1494-300x178.jpeg 300w, https:\/\/blogdorogeriogomes.com.br\/noticias\/wp-content\/uploads\/2021\/03\/28-03-2021-Vacina-01-8Y4A1494-768x455.jpeg 768w, https:\/\/blogdorogeriogomes.com.br\/noticias\/wp-content\/uploads\/2021\/03\/28-03-2021-Vacina-01-8Y4A1494-1536x910.jpeg 1536w, https:\/\/blogdorogeriogomes.com.br\/noticias\/wp-content\/uploads\/2021\/03\/28-03-2021-Vacina-01-8Y4A1494-2048x1213.jpeg 2048w, https:\/\/blogdorogeriogomes.com.br\/noticias\/wp-content\/uploads\/2021\/03\/28-03-2021-Vacina-01-8Y4A1494-800x474.jpeg 800w\" sizes=\"auto, (max-width: 1024px) 100vw, 1024px\" \/><\/figure>\n","protected":false},"excerpt":{"rendered":"<p>A Secretaria Municipal da Sa\u00fade&nbsp;inicia nesta segunda-feira, dia 29 de mar\u00e7o, a vacina\u00e7\u00e3o de idosos a partir de 68 anos. A vacina\u00e7\u00e3o ocorre em oito pontos de Fortaleza: Cucas da Barra do Cear\u00e1, Jos\u00e9 Walter, Mondubim e Jangurussu, Centro de Eventos, Arena Castel\u00e3o, shoppings RioMar Fortaleza e RioMar Kennedy. O p\u00fablico ser\u00e1 atendido por meio das modalidades drive-thru e pontos de acolhimento para vacina\u00e7\u00e3o. A Prefeitura continua organizando a vacina\u00e7\u00e3o por agendamento, a partir daqueles que j\u00e1 realizaram o&hellip;<\/p>\n","protected":false},"author":1,"featured_media":20624,"comment_status":"open","ping_status":"open","sticky":false,"template":"","format":"standard","meta":{"footnotes":""},"categories":[1],"tags":[],"class_list":["post-20623","post","type-post","status-publish","format-standard","has-post-thumbnail","hentry","category-noticias"],"_links":{"self":[{"href":"https:\/\/blogdorogeriogomes.com.br\/noticias\/wp-json\/wp\/v2\/posts\/20623","targetHints":{"allow":["GET"]}}],"collection":[{"href":"https:\/\/blogdorogeriogomes.com.br\/noticias\/wp-json\/wp\/v2\/posts"}],"about":[{"href":"https:\/\/blogdorogeriogomes.com.br\/noticias\/wp-json\/wp\/v2\/types\/post"}],"author":[{"embeddable":true,"href":"https:\/\/blogdorogeriogomes.com.br\/noticias\/wp-json\/wp\/v2\/users\/1"}],"replies":[{"embeddable":true,"href":"https:\/\/blogdorogeriogomes.com.br\/noticias\/wp-json\/wp\/v2\/comments?post=20623"}],"version-history":[{"count":2,"href":"https:\/\/blogdorogeriogomes.com.br\/noticias\/wp-json\/wp\/v2\/posts\/20623\/revisions"}],"predecessor-version":[{"id":20629,"href":"https:\/\/blogdorogeriogomes.com.br\/noticias\/wp-json\/wp\/v2\/posts\/20623\/revisions\/20629"}],"wp:featuredmedia":[{"embeddable":true,"href":"https:\/\/blogdorogeriogomes.com.br\/noticias\/wp-json\/wp\/v2\/media\/20624"}],"wp:attachment":[{"href":"https:\/\/blogdorogeriogomes.com.br\/noticias\/wp-json\/wp\/v2\/media?parent=20623"}],"wp:term":[{"taxonomy":"category","embeddable":true,"href":"https:\/\/blogdorogeriogomes.com.br\/noticias\/wp-json\/wp\/v2\/categories?post=20623"},{"taxonomy":"post_tag","embeddable":true,"href":"https:\/\/blogdorogeriogomes.com.br\/noticias\/wp-json\/wp\/v2\/tags?post=20623"}],"curies":[{"name":"wp","href":"https:\/\/api.w.org\/{rel}","templated":true}]}}