{"id":20626,"date":"2021-03-29T11:54:46","date_gmt":"2021-03-29T11:54:46","guid":{"rendered":"https:\/\/blogdorogeriogomes.com.br\/?p=20626"},"modified":"2021-03-29T13:52:53","modified_gmt":"2021-03-29T13:52:53","slug":"comeca-o-cadastro-de-profissionais-de-bares-e-restaurantes-para-receber-auxilio-financeiro-do-governo-do-ceara","status":"publish","type":"post","link":"https:\/\/blogdorogeriogomes.com.br\/noticias\/2021\/03\/comeca-o-cadastro-de-profissionais-de-bares-e-restaurantes-para-receber-auxilio-financeiro-do-governo-do-ceara\/","title":{"rendered":"Come\u00e7a o cadastro de profissionais de bares e restaurantes para receber aux\u00edlio financeiro do Governo do Cear\u00e1"},"content":{"rendered":"\n<p>Come\u00e7a nesta segunda-feira, dia 29 de mar\u00e7o, o cadastramento de profissionais desempregados do setor de bares, restaurantes e alimenta\u00e7\u00e3o fora do lar para receber o aux\u00edlio financeiro no valor de R$ 1.000. Essa \u00e9 uma das medidas anunciadas pelo governador Camilo Santana para apoiar o setor, um dos mais prejudicados pela pandemia da Covid-19. A medida ser\u00e1 executada atrav\u00e9s da Secretaria do Turismo do Cear\u00e1 (Setur).<\/p>\n\n\n\n<p>Os candidatos ao aux\u00edlio espec\u00edfico para o setor t\u00eam do dia 29 de mar\u00e7o at\u00e9 8 de abril para se cadastrar no site cadastro auxilio.setur.ce.gov.br. Nele, a Setur disponibilizar\u00e1 tamb\u00e9m um chat para tira-d\u00favidas.<\/p>\n\n\n\n<p>Por meio desta a\u00e7\u00e3o, o Governo do Cear\u00e1 pretende beneficiar cerca de 10 mil profissionais, com aux\u00edlio financeiro de R$ 1.000, pago em duas parcelas de R$ 500.<\/p>\n\n\n\n<figure class=\"wp-block-image size-large\"><img loading=\"lazy\" decoding=\"async\" width=\"1024\" height=\"684\" src=\"https:\/\/blogdorogeriogomes.com.br\/wp-content\/uploads\/2021\/03\/191018_VISITA-ESCOLA-GASTRONOMIA_TM09510-1200x801-1-1024x684.jpg\" alt=\"\" class=\"wp-image-20627\" srcset=\"https:\/\/blogdorogeriogomes.com.br\/noticias\/wp-content\/uploads\/2021\/03\/191018_VISITA-ESCOLA-GASTRONOMIA_TM09510-1200x801-1-1024x684.jpg 1024w, https:\/\/blogdorogeriogomes.com.br\/noticias\/wp-content\/uploads\/2021\/03\/191018_VISITA-ESCOLA-GASTRONOMIA_TM09510-1200x801-1-300x200.jpg 300w, https:\/\/blogdorogeriogomes.com.br\/noticias\/wp-content\/uploads\/2021\/03\/191018_VISITA-ESCOLA-GASTRONOMIA_TM09510-1200x801-1-768x513.jpg 768w, https:\/\/blogdorogeriogomes.com.br\/noticias\/wp-content\/uploads\/2021\/03\/191018_VISITA-ESCOLA-GASTRONOMIA_TM09510-1200x801-1-800x534.jpg 800w, https:\/\/blogdorogeriogomes.com.br\/noticias\/wp-content\/uploads\/2021\/03\/191018_VISITA-ESCOLA-GASTRONOMIA_TM09510-1200x801-1.jpg 1200w\" sizes=\"auto, (max-width: 1024px) 100vw, 1024px\" \/><\/figure>\n","protected":false},"excerpt":{"rendered":"<p>Come\u00e7a nesta segunda-feira, dia 29 de mar\u00e7o, o cadastramento de profissionais desempregados do setor de bares, restaurantes e alimenta\u00e7\u00e3o fora do lar para receber o aux\u00edlio financeiro no valor de R$ 1.000. Essa \u00e9 uma das medidas anunciadas pelo governador Camilo Santana para apoiar o setor, um dos mais prejudicados pela pandemia da Covid-19. A medida ser\u00e1 executada atrav\u00e9s da Secretaria do Turismo do Cear\u00e1 (Setur). Os candidatos ao aux\u00edlio espec\u00edfico para o setor t\u00eam do dia 29 de&hellip;<\/p>\n","protected":false},"author":1,"featured_media":20627,"comment_status":"open","ping_status":"open","sticky":false,"template":"","format":"standard","meta":{"footnotes":""},"categories":[1],"tags":[],"class_list":["post-20626","post","type-post","status-publish","format-standard","has-post-thumbnail","hentry","category-noticias"],"_links":{"self":[{"href":"https:\/\/blogdorogeriogomes.com.br\/noticias\/wp-json\/wp\/v2\/posts\/20626","targetHints":{"allow":["GET"]}}],"collection":[{"href":"https:\/\/blogdorogeriogomes.com.br\/noticias\/wp-json\/wp\/v2\/posts"}],"about":[{"href":"https:\/\/blogdorogeriogomes.com.br\/noticias\/wp-json\/wp\/v2\/types\/post"}],"author":[{"embeddable":true,"href":"https:\/\/blogdorogeriogomes.com.br\/noticias\/wp-json\/wp\/v2\/users\/1"}],"replies":[{"embeddable":true,"href":"https:\/\/blogdorogeriogomes.com.br\/noticias\/wp-json\/wp\/v2\/comments?post=20626"}],"version-history":[{"count":1,"href":"https:\/\/blogdorogeriogomes.com.br\/noticias\/wp-json\/wp\/v2\/posts\/20626\/revisions"}],"predecessor-version":[{"id":20628,"href":"https:\/\/blogdorogeriogomes.com.br\/noticias\/wp-json\/wp\/v2\/posts\/20626\/revisions\/20628"}],"wp:featuredmedia":[{"embeddable":true,"href":"https:\/\/blogdorogeriogomes.com.br\/noticias\/wp-json\/wp\/v2\/media\/20627"}],"wp:attachment":[{"href":"https:\/\/blogdorogeriogomes.com.br\/noticias\/wp-json\/wp\/v2\/media?parent=20626"}],"wp:term":[{"taxonomy":"category","embeddable":true,"href":"https:\/\/blogdorogeriogomes.com.br\/noticias\/wp-json\/wp\/v2\/categories?post=20626"},{"taxonomy":"post_tag","embeddable":true,"href":"https:\/\/blogdorogeriogomes.com.br\/noticias\/wp-json\/wp\/v2\/tags?post=20626"}],"curies":[{"name":"wp","href":"https:\/\/api.w.org\/{rel}","templated":true}]}}