{"id":20631,"date":"2021-03-29T15:46:05","date_gmt":"2021-03-29T15:46:05","guid":{"rendered":"https:\/\/blogdorogeriogomes.com.br\/?p=20631"},"modified":"2021-03-30T16:01:18","modified_gmt":"2021-03-30T16:01:18","slug":"assembleia-legislativa-do-ceara-lanca-o-programa-grandes-debates-parlamento-protagonista-nesta-terca-feira","status":"publish","type":"post","link":"https:\/\/blogdorogeriogomes.com.br\/noticias\/2021\/03\/assembleia-legislativa-do-ceara-lanca-o-programa-grandes-debates-parlamento-protagonista-nesta-terca-feira\/","title":{"rendered":"Assembleia Legislativa do Cear\u00e1 lan\u00e7a o programa Grandes Debates &#8211; Parlamento Protagonista nesta ter\u00e7a-feira"},"content":{"rendered":"\n<p>O programa Grandes Debates &#8211; Parlamento Protagonista estreia nesta ter\u00e7a-feira, dia 30 de mar\u00e7o, \u00e0s 16h, na TV Assembleia, FM Assembleia e redes sociais da AL. A primeira edi\u00e7\u00e3o do projeto, que tem coordena\u00e7\u00e3o do Conselho de Altos Estudos e Assuntos Estrat\u00e9gicos da AL, debate os avan\u00e7os e entraves relacionados aos direitos das mulheres e a igualdade de g\u00eanero.<\/p>\n\n\n\n<p>Com media\u00e7\u00e3o do jornalista Ruy Lima, o programa receber\u00e1 a militante feminista e pesquisadora da Universidade Federal da Bahia (UFBA), Carla Akotirene, a Procuradora Especial da Mulher da AL, deputada Augusta Brito (PCdoB), a assessora especial de Acolhimento aos Movimentos Sociais do Estado do Cear\u00e1, professora Zelma Madeira e a integrante da Articula\u00e7\u00e3o de Mulheres Brasileiras e do F\u00f3rum Cearense de Mulheres, Beth Ferreira para a edi\u00e7\u00e3o de mar\u00e7o.<\/p>\n\n\n\n<p>O deputado Tin Gomes (PDT), presidente do Conselho de Altos Estudos e Assuntos Estrat\u00e9gicos da AL, afirma que o projeto surgiu de uma proposta do presidente da AL, Evandro Leit\u00e3o (PDT), com o objetivo de ampliar e intensificar debates importantes para a sociedade.<\/p>\n\n\n\n<p>Segundo o parlamentar, o projeto, que ter\u00e1 periodicidade mensal, envolver\u00e1 ainda mais o Legislativo, que j\u00e1 realiza debates em comiss\u00f5es t\u00e9cnicas, em Plen\u00e1rio e em audi\u00eancias p\u00fablicas, em um efervescente processo de di\u00e1logo com a sociedade.<\/p>\n\n\n\n<p>O presidente do Conselho de Altos Estudos explica ainda que o programa ser\u00e1 virtual neste per\u00edodo, mas a perspectiva \u00e9 realizar eventos presenciais com participa\u00e7\u00f5es diretas. Al\u00e9m disso, informa Tin Gomes, o Conselho produzir\u00e1 um livro com as discuss\u00f5es realizadas ao longo do projeto.<\/p>\n\n\n\n<p>A secret\u00e1ria executiva do Conselho de Altos Estudos e Assuntos Estrat\u00e9gicos da AL, Luiza Perdig\u00e3o, reitera que o objetivo do projeto Grandes Debates \u2013 Parlamento Protagonista, \u00e9 qualificar o debate para a popula\u00e7\u00e3o e para o Legislativo, uma vez que os temas abordados mensalmente ser\u00e3o de relev\u00e2ncia nacional e muito atuais.<\/p>\n\n\n\n<p>O projeto levar\u00e1 \u00e0 sociedade novos temas a cada m\u00eas, que ser\u00e3o debatidos com pessoas atuantes nas \u00e1reas envolvidas, de forma a diversificar e aprofundar o debate, afirma Luiza Perdig\u00e3o. Entre os temas previstos para as pr\u00f3ximas edi\u00e7\u00f5es est\u00e3o renda m\u00ednima, reforma tribut\u00e1ria, recursos h\u00eddricos, educa\u00e7\u00e3o e direitos da popula\u00e7\u00e3o LGBTQIA+.<\/p>\n\n\n\n<figure class=\"wp-block-image size-large\"><img loading=\"lazy\" decoding=\"async\" width=\"677\" height=\"453\" src=\"https:\/\/blogdorogeriogomes.com.br\/wp-content\/uploads\/2021\/03\/images-2021-03-29T124530.699.jpeg\" alt=\"\" class=\"wp-image-20632\" srcset=\"https:\/\/blogdorogeriogomes.com.br\/noticias\/wp-content\/uploads\/2021\/03\/images-2021-03-29T124530.699.jpeg 677w, https:\/\/blogdorogeriogomes.com.br\/noticias\/wp-content\/uploads\/2021\/03\/images-2021-03-29T124530.699-300x201.jpeg 300w\" sizes=\"auto, (max-width: 677px) 100vw, 677px\" \/><\/figure>\n","protected":false},"excerpt":{"rendered":"<p>O programa Grandes Debates &#8211; Parlamento Protagonista estreia nesta ter\u00e7a-feira, dia 30 de mar\u00e7o, \u00e0s 16h, na TV Assembleia, FM Assembleia e redes sociais da AL. A primeira edi\u00e7\u00e3o do projeto, que tem coordena\u00e7\u00e3o do Conselho de Altos Estudos e Assuntos Estrat\u00e9gicos da AL, debate os avan\u00e7os e entraves relacionados aos direitos das mulheres e a igualdade de g\u00eanero. Com media\u00e7\u00e3o do jornalista Ruy Lima, o programa receber\u00e1 a militante feminista e pesquisadora da Universidade Federal da Bahia (UFBA),&hellip;<\/p>\n","protected":false},"author":1,"featured_media":20632,"comment_status":"open","ping_status":"open","sticky":false,"template":"","format":"standard","meta":{"footnotes":""},"categories":[1],"tags":[],"class_list":["post-20631","post","type-post","status-publish","format-standard","has-post-thumbnail","hentry","category-noticias"],"_links":{"self":[{"href":"https:\/\/blogdorogeriogomes.com.br\/noticias\/wp-json\/wp\/v2\/posts\/20631","targetHints":{"allow":["GET"]}}],"collection":[{"href":"https:\/\/blogdorogeriogomes.com.br\/noticias\/wp-json\/wp\/v2\/posts"}],"about":[{"href":"https:\/\/blogdorogeriogomes.com.br\/noticias\/wp-json\/wp\/v2\/types\/post"}],"author":[{"embeddable":true,"href":"https:\/\/blogdorogeriogomes.com.br\/noticias\/wp-json\/wp\/v2\/users\/1"}],"replies":[{"embeddable":true,"href":"https:\/\/blogdorogeriogomes.com.br\/noticias\/wp-json\/wp\/v2\/comments?post=20631"}],"version-history":[{"count":1,"href":"https:\/\/blogdorogeriogomes.com.br\/noticias\/wp-json\/wp\/v2\/posts\/20631\/revisions"}],"predecessor-version":[{"id":20633,"href":"https:\/\/blogdorogeriogomes.com.br\/noticias\/wp-json\/wp\/v2\/posts\/20631\/revisions\/20633"}],"wp:featuredmedia":[{"embeddable":true,"href":"https:\/\/blogdorogeriogomes.com.br\/noticias\/wp-json\/wp\/v2\/media\/20632"}],"wp:attachment":[{"href":"https:\/\/blogdorogeriogomes.com.br\/noticias\/wp-json\/wp\/v2\/media?parent=20631"}],"wp:term":[{"taxonomy":"category","embeddable":true,"href":"https:\/\/blogdorogeriogomes.com.br\/noticias\/wp-json\/wp\/v2\/categories?post=20631"},{"taxonomy":"post_tag","embeddable":true,"href":"https:\/\/blogdorogeriogomes.com.br\/noticias\/wp-json\/wp\/v2\/tags?post=20631"}],"curies":[{"name":"wp","href":"https:\/\/api.w.org\/{rel}","templated":true}]}}