{"id":20634,"date":"2021-03-29T18:43:02","date_gmt":"2021-03-29T18:43:02","guid":{"rendered":"https:\/\/blogdorogeriogomes.com.br\/?p=20634"},"modified":"2021-03-30T16:01:09","modified_gmt":"2021-03-30T16:01:09","slug":"com-pressao-insustentavel-no-governo-bolsonaro-ernesto-araujo-pede-demissao-nas-relacoes-exteriores-substituto-pode-ser-igual-ou-pior","status":"publish","type":"post","link":"https:\/\/blogdorogeriogomes.com.br\/noticias\/2021\/03\/com-pressao-insustentavel-no-governo-bolsonaro-ernesto-araujo-pede-demissao-nas-relacoes-exteriores-substituto-pode-ser-igual-ou-pior\/","title":{"rendered":"Com press\u00e3o insustent\u00e1vel no Governo Bolsonaro, Ernesto Ara\u00fajo pede demiss\u00e3o nas Rela\u00e7\u00f5es Exteriores. Substituto pode ser igual ou pior, dizem parlamentares"},"content":{"rendered":"\n<p>Fim da linha para Ernesto Ara\u00fajo no governo de Jair Bolsonaro. Classificado pelo presidente como o seu &#8220;homem de confian\u00e7a&#8221;, o chanceler pediu demiss\u00e3o do comando do Minist\u00e9rio das Rela\u00e7\u00f5es Exteriores nesta segunda-feira, dia 29 de mar\u00e7o, ap\u00f3s muita press\u00e3o do Congresso diante das graves tens\u00f5es diplom\u00e1ticas nas quais o Pa\u00eds se afundou ao longo de dois anos. Segundo apura\u00e7\u00e3o de reportagem da Globo, Ernesto avisou da decis\u00e3o a Bolsonaro e assessores pr\u00f3ximos. A sa\u00edda do ministro significa uma grande derrota para o bolsonarismo, e cerca ainda mais o presidente na crise instaurada no Planalto.<\/p>\n\n\n\n<p>Um dos nomes mais cotados para a vaga de Ernesto, no momento, \u00e9 o do embaixador do Brasil em Paris, Lu\u00eds Fernando Serra. Ele \u00e9 visto por parlamentares como t\u00e3o ou mais radical que Ernesto Ara\u00fajo. A avalia\u00e7\u00e3o \u00e9 que Lu\u00eds Fernando Serra \u00e9 contra os direitos humanos e tamb\u00e9m n\u00e3o tem perfil para manter bom relacionamento com outros pa\u00edses.<\/p>\n\n\n\n<p>O desgaste final envolvendo o ministro Ernesto Ara\u00fajo veio com a senadora K\u00e1tia Abreu, que foi alvo de ataque de Ernesto Ara\u00fajo nas redes sociais no qual a acusava de tentar compr\u00e1-lo por lobby a favor da China na tecnologia 5G. Em resposta, Abreu afirmou que o Brasil &#8220;n\u00e3o pode mais continuar tendo, perante o mundo, a face de um marginal&#8221;.<\/p>\n\n\n\n<p>A sa\u00edda de Ara\u00fajo foi defendida como prioridade para parlamentares federais, sendo considerada fundamental para que o Brasil avance na reconstru\u00e7\u00e3o de boas rela\u00e7\u00f5es com China e Estados Unidos e, assim, chegue a negocia\u00e7\u00f5es por vacinas e insumos no combate \u00e0 Covid-19. Na semana passada, a investida veio dos presidentes da C\u00e2mara, Arthur Lira (PP), e do Senado, Rodrigo Pacheco (DEM). Al\u00e9m de deputados e senadores, empres\u00e1rios tamb\u00e9m articularam movimento contra a perman\u00eancia do ministro, na cobran\u00e7a por um cen\u00e1rio melhor para o mercado.<\/p>\n\n\n\n<p>Disc\u00edpulo de Olavo de Carvalho e um dos \u00edcones na ideologia bolsonarista, o chanceler deixa o governo federal como uma passagem desastrosa pelo Itamaraty. O ministro se dedicou a promover acusa\u00e7\u00f5es com fake news e criar uma s\u00e9rie de atritos com a China, principal parceiro comercial do Brasil, al\u00e9m de se alinhar por completo ao discurso do ex-presidente dos Estados Unidos, Donald Trump, derrotado por Joe Biden em 2020.<\/p>\n\n\n\n<figure class=\"wp-block-image size-large\"><img loading=\"lazy\" decoding=\"async\" width=\"679\" height=\"452\" src=\"https:\/\/blogdorogeriogomes.com.br\/wp-content\/uploads\/2021\/03\/images-2021-03-29T124924.747.jpeg\" alt=\"\" class=\"wp-image-20635\" srcset=\"https:\/\/blogdorogeriogomes.com.br\/noticias\/wp-content\/uploads\/2021\/03\/images-2021-03-29T124924.747.jpeg 679w, https:\/\/blogdorogeriogomes.com.br\/noticias\/wp-content\/uploads\/2021\/03\/images-2021-03-29T124924.747-300x200.jpeg 300w\" sizes=\"auto, (max-width: 679px) 100vw, 679px\" \/><\/figure>\n\n\n\n<p><\/p>\n","protected":false},"excerpt":{"rendered":"<p>Fim da linha para Ernesto Ara\u00fajo no governo de Jair Bolsonaro. Classificado pelo presidente como o seu &#8220;homem de confian\u00e7a&#8221;, o chanceler pediu demiss\u00e3o do comando do Minist\u00e9rio das Rela\u00e7\u00f5es Exteriores nesta segunda-feira, dia 29 de mar\u00e7o, ap\u00f3s muita press\u00e3o do Congresso diante das graves tens\u00f5es diplom\u00e1ticas nas quais o Pa\u00eds se afundou ao longo de dois anos. Segundo apura\u00e7\u00e3o de reportagem da Globo, Ernesto avisou da decis\u00e3o a Bolsonaro e assessores pr\u00f3ximos. A sa\u00edda do ministro significa uma&hellip;<\/p>\n","protected":false},"author":1,"featured_media":20635,"comment_status":"open","ping_status":"open","sticky":false,"template":"","format":"standard","meta":{"footnotes":""},"categories":[1],"tags":[],"class_list":["post-20634","post","type-post","status-publish","format-standard","has-post-thumbnail","hentry","category-noticias"],"_links":{"self":[{"href":"https:\/\/blogdorogeriogomes.com.br\/noticias\/wp-json\/wp\/v2\/posts\/20634","targetHints":{"allow":["GET"]}}],"collection":[{"href":"https:\/\/blogdorogeriogomes.com.br\/noticias\/wp-json\/wp\/v2\/posts"}],"about":[{"href":"https:\/\/blogdorogeriogomes.com.br\/noticias\/wp-json\/wp\/v2\/types\/post"}],"author":[{"embeddable":true,"href":"https:\/\/blogdorogeriogomes.com.br\/noticias\/wp-json\/wp\/v2\/users\/1"}],"replies":[{"embeddable":true,"href":"https:\/\/blogdorogeriogomes.com.br\/noticias\/wp-json\/wp\/v2\/comments?post=20634"}],"version-history":[{"count":2,"href":"https:\/\/blogdorogeriogomes.com.br\/noticias\/wp-json\/wp\/v2\/posts\/20634\/revisions"}],"predecessor-version":[{"id":20637,"href":"https:\/\/blogdorogeriogomes.com.br\/noticias\/wp-json\/wp\/v2\/posts\/20634\/revisions\/20637"}],"wp:featuredmedia":[{"embeddable":true,"href":"https:\/\/blogdorogeriogomes.com.br\/noticias\/wp-json\/wp\/v2\/media\/20635"}],"wp:attachment":[{"href":"https:\/\/blogdorogeriogomes.com.br\/noticias\/wp-json\/wp\/v2\/media?parent=20634"}],"wp:term":[{"taxonomy":"category","embeddable":true,"href":"https:\/\/blogdorogeriogomes.com.br\/noticias\/wp-json\/wp\/v2\/categories?post=20634"},{"taxonomy":"post_tag","embeddable":true,"href":"https:\/\/blogdorogeriogomes.com.br\/noticias\/wp-json\/wp\/v2\/tags?post=20634"}],"curies":[{"name":"wp","href":"https:\/\/api.w.org\/{rel}","templated":true}]}}