{"id":20638,"date":"2021-03-29T22:56:51","date_gmt":"2021-03-29T22:56:51","guid":{"rendered":"https:\/\/blogdorogeriogomes.com.br\/?p=20638"},"modified":"2021-03-30T16:01:00","modified_gmt":"2021-03-30T16:01:00","slug":"bolsonaro-altera-a-titularidade-de-seis-ministerios-em-apenas-um-dia-e-escancara-a-fragilidade-de-seu-governo","status":"publish","type":"post","link":"https:\/\/blogdorogeriogomes.com.br\/noticias\/2021\/03\/bolsonaro-altera-a-titularidade-de-seis-ministerios-em-apenas-um-dia-e-escancara-a-fragilidade-de-seu-governo\/","title":{"rendered":"Bolsonaro altera a titularidade de seis minist\u00e9rios em apenas um dia e escancara a fragilidade de seu governo"},"content":{"rendered":"\n<p>A segunda-feira, dia 29 de mar\u00e7o, foi marcada por uma reforma ministerial no governo de Jair Bolsonaro. No total, seis trocas na titularidade de minist\u00e9rios: Rela\u00e7\u00f5es Exteriores, Defesa, Justi\u00e7a, Casa Civil, Secretaria de Governo e Advocacia-Geral da Uni\u00e3o. Pressionado pelo Centr\u00e3o por mudan\u00e7as urgentes e com o peso de uma crise sanit\u00e1ria e econ\u00f4mica, o presidente escancarou a fragilidade de sua gest\u00e3o \u00e0 frente do Pa\u00eds.<\/p>\n\n\n\n<p>Ap\u00f3s a queda do chanceler Ernesto Ara\u00fajo nas Rela\u00e7\u00f5es Exteriores, o Planalto tamb\u00e9m confirmou as sa\u00eddas de Fernando Azevedo e Silva (Defesa) e Jos\u00e9 Levi (Advocacia-Geral da Uni\u00e3o) do governo. Como forma de substitui\u00e7\u00e3o interna, Bolsonaro moveu Andr\u00e9 Mendon\u00e7a do Minist\u00e9rio da Justi\u00e7a para a AGU, Luiz Eduardo Ramos da Secretaria de Governo para a Casa Civil e Braga Netto da Casa Civil para o Minist\u00e9rio da Defesa.<\/p>\n\n\n\n<p>Para o Itamaraty, o nome confirmado oficialmente foi o do diplomata Carlos Alberto Franco Fran\u00e7a, que ocupava o cargo de assessor-chefe da Assessoria Especial da Presid\u00eancia. Na Secretaria de Governo, assume a deputada federal Fl\u00e1via Arruda (PL), enquanto o delegado da Pol\u00edcia Federal, Anderson Torres, \u00e9 o novo ministro da Justi\u00e7a e Seguran\u00e7a P\u00fablica.<\/p>\n\n\n\n<p>As mudan\u00e7as trazem n\u00edtida resposta \u00e0s recentes investidas de parlamentares do centr\u00e3o contra a m\u00e1 condu\u00e7\u00e3o do combate ao Covid-19 e sua consequente crise. Ernesto Ara\u00fajo sai sob a aten\u00e7\u00e3o de que seu substituto retome la\u00e7os diplom\u00e1ticos com grandes pot\u00eancias internacionais, como Estados Unidos e China. Fl\u00e1via Arruda entra no governo como representa\u00e7\u00e3o do centro na presid\u00eancia. E assim Bolsonaro segue cada vez mais entregue \u00e0s r\u00e9deas e amea\u00e7ado no cargo pelo Parlamento, caso insista nos erros que trouxeram o Brasil ao cen\u00e1rio atual.<\/p>\n\n\n\n<figure class=\"wp-block-image size-large\"><img loading=\"lazy\" decoding=\"async\" width=\"640\" height=\"480\" src=\"https:\/\/blogdorogeriogomes.com.br\/wp-content\/uploads\/2021\/03\/images-2021-03-29T195352.161.jpeg\" alt=\"\" class=\"wp-image-20639\" srcset=\"https:\/\/blogdorogeriogomes.com.br\/noticias\/wp-content\/uploads\/2021\/03\/images-2021-03-29T195352.161.jpeg 640w, https:\/\/blogdorogeriogomes.com.br\/noticias\/wp-content\/uploads\/2021\/03\/images-2021-03-29T195352.161-300x225.jpeg 300w, https:\/\/blogdorogeriogomes.com.br\/noticias\/wp-content\/uploads\/2021\/03\/images-2021-03-29T195352.161-400x300.jpeg 400w\" sizes=\"auto, (max-width: 640px) 100vw, 640px\" \/><\/figure>\n","protected":false},"excerpt":{"rendered":"<p>A segunda-feira, dia 29 de mar\u00e7o, foi marcada por uma reforma ministerial no governo de Jair Bolsonaro. No total, seis trocas na titularidade de minist\u00e9rios: Rela\u00e7\u00f5es Exteriores, Defesa, Justi\u00e7a, Casa Civil, Secretaria de Governo e Advocacia-Geral da Uni\u00e3o. Pressionado pelo Centr\u00e3o por mudan\u00e7as urgentes e com o peso de uma crise sanit\u00e1ria e econ\u00f4mica, o presidente escancarou a fragilidade de sua gest\u00e3o \u00e0 frente do Pa\u00eds. Ap\u00f3s a queda do chanceler Ernesto Ara\u00fajo nas Rela\u00e7\u00f5es Exteriores, o Planalto tamb\u00e9m&hellip;<\/p>\n","protected":false},"author":1,"featured_media":20639,"comment_status":"open","ping_status":"open","sticky":false,"template":"","format":"standard","meta":{"footnotes":""},"categories":[1],"tags":[],"class_list":["post-20638","post","type-post","status-publish","format-standard","has-post-thumbnail","hentry","category-noticias"],"_links":{"self":[{"href":"https:\/\/blogdorogeriogomes.com.br\/noticias\/wp-json\/wp\/v2\/posts\/20638","targetHints":{"allow":["GET"]}}],"collection":[{"href":"https:\/\/blogdorogeriogomes.com.br\/noticias\/wp-json\/wp\/v2\/posts"}],"about":[{"href":"https:\/\/blogdorogeriogomes.com.br\/noticias\/wp-json\/wp\/v2\/types\/post"}],"author":[{"embeddable":true,"href":"https:\/\/blogdorogeriogomes.com.br\/noticias\/wp-json\/wp\/v2\/users\/1"}],"replies":[{"embeddable":true,"href":"https:\/\/blogdorogeriogomes.com.br\/noticias\/wp-json\/wp\/v2\/comments?post=20638"}],"version-history":[{"count":1,"href":"https:\/\/blogdorogeriogomes.com.br\/noticias\/wp-json\/wp\/v2\/posts\/20638\/revisions"}],"predecessor-version":[{"id":20640,"href":"https:\/\/blogdorogeriogomes.com.br\/noticias\/wp-json\/wp\/v2\/posts\/20638\/revisions\/20640"}],"wp:featuredmedia":[{"embeddable":true,"href":"https:\/\/blogdorogeriogomes.com.br\/noticias\/wp-json\/wp\/v2\/media\/20639"}],"wp:attachment":[{"href":"https:\/\/blogdorogeriogomes.com.br\/noticias\/wp-json\/wp\/v2\/media?parent=20638"}],"wp:term":[{"taxonomy":"category","embeddable":true,"href":"https:\/\/blogdorogeriogomes.com.br\/noticias\/wp-json\/wp\/v2\/categories?post=20638"},{"taxonomy":"post_tag","embeddable":true,"href":"https:\/\/blogdorogeriogomes.com.br\/noticias\/wp-json\/wp\/v2\/tags?post=20638"}],"curies":[{"name":"wp","href":"https:\/\/api.w.org\/{rel}","templated":true}]}}