{"id":20647,"date":"2021-03-30T11:02:25","date_gmt":"2021-03-30T11:02:25","guid":{"rendered":"https:\/\/blogdorogeriogomes.com.br\/?p=20647"},"modified":"2021-03-30T16:00:32","modified_gmt":"2021-03-30T16:00:32","slug":"medidas-restritivas-apresentam-reducao-nos-casos-de-covid-19-em-fortaleza-mas-as-internacoes-seguem-em-alta","status":"publish","type":"post","link":"https:\/\/blogdorogeriogomes.com.br\/noticias\/2021\/03\/medidas-restritivas-apresentam-reducao-nos-casos-de-covid-19-em-fortaleza-mas-as-internacoes-seguem-em-alta\/","title":{"rendered":"Medidas restritivas apresentam redu\u00e7\u00e3o nos casos de Covid-19 em Fortaleza, mas as  interna\u00e7\u00f5es seguem em alta"},"content":{"rendered":"\n<p>Os casos de Covid-19 come\u00e7am a apresentar uma redu\u00e7\u00e3o nas \u00faltimas tr\u00eas semanas por causa do isolamento r\u00edgido, imposto pelo Governo do Cear\u00e1. A varia\u00e7\u00e3o da m\u00e9dia m\u00f3vel de casos apresentou redu\u00e7\u00e3o de 25% desde o in\u00edcio das medidas restritivas, que determina o funcionamento apenas dos servi\u00e7os essenciais a fim de diminuir a circula\u00e7\u00e3o das pessoas. Apesar da queda nos atendimentos, o n\u00famero de \u00f3bitos e a taxa de interna\u00e7\u00e3o hospitalar ainda est\u00e3o em alta.<\/p>\n\n\n\n<p>O Sistema Unimed Fortaleza registrou diminui\u00e7\u00e3o no n\u00famero de pacientes internados com Covid-19. O n\u00famero de pacientes internados com coronav\u00edrus nos hospitais da rede passou de 680 para 666 nas \u00faltimas 24 horas.&nbsp;\u00c9 o menor n\u00famero em tr\u00eas semanas. <\/p>\n\n\n\n<p>O Cear\u00e1 registrou mais 128 \u00f3bitos por Covid-19 nesta segunda-feira, dia 29 de mar\u00e7o, sendo 17 ocorridos nas \u00faltimas 24 horas, segundo informa\u00e7\u00f5es da plataforma IntegraSUS. O Estado j\u00e1 registra 531.231 casos confirmados da doen\u00e7a e 13.724 mortes desde o in\u00edcio da pandemia.<\/p>\n\n\n\n<p>O isolamento r\u00edgido no Cear\u00e1 est\u00e1 previsto at\u00e9 4 de abril. De acordo com os n\u00fameros de casos, mortes e interna\u00e7\u00f5es durante esta semana, o Governo do Cear\u00e1 poder\u00e1 rever alguma medida restritiva a partir de 5 de abril.<\/p>\n\n\n\n<figure class=\"wp-block-image size-large\"><img loading=\"lazy\" decoding=\"async\" width=\"738\" height=\"415\" src=\"https:\/\/blogdorogeriogomes.com.br\/wp-content\/uploads\/2021\/03\/images-2021-03-30T075039.942.jpeg\" alt=\"\" class=\"wp-image-20648\" srcset=\"https:\/\/blogdorogeriogomes.com.br\/noticias\/wp-content\/uploads\/2021\/03\/images-2021-03-30T075039.942.jpeg 738w, https:\/\/blogdorogeriogomes.com.br\/noticias\/wp-content\/uploads\/2021\/03\/images-2021-03-30T075039.942-300x169.jpeg 300w\" sizes=\"auto, (max-width: 738px) 100vw, 738px\" \/><\/figure>\n","protected":false},"excerpt":{"rendered":"<p>Os casos de Covid-19 come\u00e7am a apresentar uma redu\u00e7\u00e3o nas \u00faltimas tr\u00eas semanas por causa do isolamento r\u00edgido, imposto pelo Governo do Cear\u00e1. A varia\u00e7\u00e3o da m\u00e9dia m\u00f3vel de casos apresentou redu\u00e7\u00e3o de 25% desde o in\u00edcio das medidas restritivas, que determina o funcionamento apenas dos servi\u00e7os essenciais a fim de diminuir a circula\u00e7\u00e3o das pessoas. Apesar da queda nos atendimentos, o n\u00famero de \u00f3bitos e a taxa de interna\u00e7\u00e3o hospitalar ainda est\u00e3o em alta. O Sistema Unimed Fortaleza&hellip;<\/p>\n","protected":false},"author":1,"featured_media":20648,"comment_status":"open","ping_status":"open","sticky":false,"template":"","format":"standard","meta":{"footnotes":""},"categories":[1],"tags":[],"class_list":["post-20647","post","type-post","status-publish","format-standard","has-post-thumbnail","hentry","category-noticias"],"_links":{"self":[{"href":"https:\/\/blogdorogeriogomes.com.br\/noticias\/wp-json\/wp\/v2\/posts\/20647","targetHints":{"allow":["GET"]}}],"collection":[{"href":"https:\/\/blogdorogeriogomes.com.br\/noticias\/wp-json\/wp\/v2\/posts"}],"about":[{"href":"https:\/\/blogdorogeriogomes.com.br\/noticias\/wp-json\/wp\/v2\/types\/post"}],"author":[{"embeddable":true,"href":"https:\/\/blogdorogeriogomes.com.br\/noticias\/wp-json\/wp\/v2\/users\/1"}],"replies":[{"embeddable":true,"href":"https:\/\/blogdorogeriogomes.com.br\/noticias\/wp-json\/wp\/v2\/comments?post=20647"}],"version-history":[{"count":2,"href":"https:\/\/blogdorogeriogomes.com.br\/noticias\/wp-json\/wp\/v2\/posts\/20647\/revisions"}],"predecessor-version":[{"id":20650,"href":"https:\/\/blogdorogeriogomes.com.br\/noticias\/wp-json\/wp\/v2\/posts\/20647\/revisions\/20650"}],"wp:featuredmedia":[{"embeddable":true,"href":"https:\/\/blogdorogeriogomes.com.br\/noticias\/wp-json\/wp\/v2\/media\/20648"}],"wp:attachment":[{"href":"https:\/\/blogdorogeriogomes.com.br\/noticias\/wp-json\/wp\/v2\/media?parent=20647"}],"wp:term":[{"taxonomy":"category","embeddable":true,"href":"https:\/\/blogdorogeriogomes.com.br\/noticias\/wp-json\/wp\/v2\/categories?post=20647"},{"taxonomy":"post_tag","embeddable":true,"href":"https:\/\/blogdorogeriogomes.com.br\/noticias\/wp-json\/wp\/v2\/tags?post=20647"}],"curies":[{"name":"wp","href":"https:\/\/api.w.org\/{rel}","templated":true}]}}