{"id":20651,"date":"2021-03-30T16:23:05","date_gmt":"2021-03-30T16:23:05","guid":{"rendered":"https:\/\/blogdorogeriogomes.com.br\/?p=20651"},"modified":"2021-04-01T13:54:03","modified_gmt":"2021-04-01T13:54:03","slug":"comandantes-do-exercito-marinha-e-aeronautica-entregam-os-cargos-e-agravam-crise-no-governo-bolsonaro","status":"publish","type":"post","link":"https:\/\/blogdorogeriogomes.com.br\/noticias\/2021\/03\/comandantes-do-exercito-marinha-e-aeronautica-entregam-os-cargos-e-agravam-crise-no-governo-bolsonaro\/","title":{"rendered":"Comandantes do Ex\u00e9rcito, Marinha e Aeron\u00e1utica entregam os cargos e agravam crise no Governo Bolsonaro"},"content":{"rendered":"\n<p>Os tr\u00eas comandantes das For\u00e7as Armadas (Ex\u00e9rcito, Marinha e Aeron\u00e1utica) pediram ren\u00fancia conjunta por discordar do presidente da Rep\u00fablica, Jair Bolsonaro. Edson Leal Pujol (Ex\u00e9rcito), Ilques Barbosa (Marinha) e Ant\u00f4nio Carlos Bermudez (Aeron\u00e1utica) colocaram seus cargos \u00e0 disposi\u00e7\u00e3o do general da reserva Walter Braga Netto, novo ministro da Defesa, na manh\u00e3 desta ter\u00e7a-feira, dia 30 de mar\u00e7o. Os tr\u00eas foram un\u00e2nimes em reafirmar que os militares n\u00e3o participar\u00e3o de nenhuma aventura golpista articulada pela a ala ideol\u00f3gica que cerca Jair Bolsonaro.<\/p>\n\n\n\n<p>A insatisfa\u00e7\u00e3o dos comandantes das For\u00e7as Armadas cresceu diante do fato que Bolsonaro vinha cobrando manifesta\u00e7\u00f5es pol\u00edtica favor\u00e1veis dos militares a interesses do Governo e apoio \u00e0 ideia de decretar estado de defesa para impedir a tomada de medidas sanit\u00e1rias r\u00edgidas pelo pa\u00eds. A situa\u00e7\u00e3o piorou com a demiss\u00e3o do general da reserva Fernando Azevedo do comando do Minist\u00e9rio da Defesa por Jair Bolsonaro, na segunda-feira passada, dia 29. <\/p>\n\n\n\n<p>Os nomes dos substitutos nas For\u00e7as Armadas ainda ser\u00e3o informados. Congressistas mostram preocupa\u00e7\u00e3o com a tentativa de Bolsonaro em controlar na marra a ala militar com suas teorias de auto-golpe.<\/p>\n\n\n\n<figure class=\"wp-block-image size-large\"><img loading=\"lazy\" decoding=\"async\" width=\"1024\" height=\"683\" src=\"https:\/\/blogdorogeriogomes.com.br\/wp-content\/uploads\/2021\/03\/15429275335bf734ad94b1f_1542927533_3x2_lg.jpg\" alt=\"\" class=\"wp-image-20652\" srcset=\"https:\/\/blogdorogeriogomes.com.br\/noticias\/wp-content\/uploads\/2021\/03\/15429275335bf734ad94b1f_1542927533_3x2_lg.jpg 1024w, https:\/\/blogdorogeriogomes.com.br\/noticias\/wp-content\/uploads\/2021\/03\/15429275335bf734ad94b1f_1542927533_3x2_lg-300x200.jpg 300w, https:\/\/blogdorogeriogomes.com.br\/noticias\/wp-content\/uploads\/2021\/03\/15429275335bf734ad94b1f_1542927533_3x2_lg-768x512.jpg 768w, https:\/\/blogdorogeriogomes.com.br\/noticias\/wp-content\/uploads\/2021\/03\/15429275335bf734ad94b1f_1542927533_3x2_lg-800x534.jpg 800w\" sizes=\"auto, (max-width: 1024px) 100vw, 1024px\" \/><\/figure>\n","protected":false},"excerpt":{"rendered":"<p>Os tr\u00eas comandantes das For\u00e7as Armadas (Ex\u00e9rcito, Marinha e Aeron\u00e1utica) pediram ren\u00fancia conjunta por discordar do presidente da Rep\u00fablica, Jair Bolsonaro. Edson Leal Pujol (Ex\u00e9rcito), Ilques Barbosa (Marinha) e Ant\u00f4nio Carlos Bermudez (Aeron\u00e1utica) colocaram seus cargos \u00e0 disposi\u00e7\u00e3o do general da reserva Walter Braga Netto, novo ministro da Defesa, na manh\u00e3 desta ter\u00e7a-feira, dia 30 de mar\u00e7o. Os tr\u00eas foram un\u00e2nimes em reafirmar que os militares n\u00e3o participar\u00e3o de nenhuma aventura golpista articulada pela a ala ideol\u00f3gica que cerca&hellip;<\/p>\n","protected":false},"author":1,"featured_media":20652,"comment_status":"open","ping_status":"open","sticky":false,"template":"","format":"standard","meta":{"footnotes":""},"categories":[1],"tags":[],"class_list":["post-20651","post","type-post","status-publish","format-standard","has-post-thumbnail","hentry","category-noticias"],"_links":{"self":[{"href":"https:\/\/blogdorogeriogomes.com.br\/noticias\/wp-json\/wp\/v2\/posts\/20651","targetHints":{"allow":["GET"]}}],"collection":[{"href":"https:\/\/blogdorogeriogomes.com.br\/noticias\/wp-json\/wp\/v2\/posts"}],"about":[{"href":"https:\/\/blogdorogeriogomes.com.br\/noticias\/wp-json\/wp\/v2\/types\/post"}],"author":[{"embeddable":true,"href":"https:\/\/blogdorogeriogomes.com.br\/noticias\/wp-json\/wp\/v2\/users\/1"}],"replies":[{"embeddable":true,"href":"https:\/\/blogdorogeriogomes.com.br\/noticias\/wp-json\/wp\/v2\/comments?post=20651"}],"version-history":[{"count":1,"href":"https:\/\/blogdorogeriogomes.com.br\/noticias\/wp-json\/wp\/v2\/posts\/20651\/revisions"}],"predecessor-version":[{"id":20653,"href":"https:\/\/blogdorogeriogomes.com.br\/noticias\/wp-json\/wp\/v2\/posts\/20651\/revisions\/20653"}],"wp:featuredmedia":[{"embeddable":true,"href":"https:\/\/blogdorogeriogomes.com.br\/noticias\/wp-json\/wp\/v2\/media\/20652"}],"wp:attachment":[{"href":"https:\/\/blogdorogeriogomes.com.br\/noticias\/wp-json\/wp\/v2\/media?parent=20651"}],"wp:term":[{"taxonomy":"category","embeddable":true,"href":"https:\/\/blogdorogeriogomes.com.br\/noticias\/wp-json\/wp\/v2\/categories?post=20651"},{"taxonomy":"post_tag","embeddable":true,"href":"https:\/\/blogdorogeriogomes.com.br\/noticias\/wp-json\/wp\/v2\/tags?post=20651"}],"curies":[{"name":"wp","href":"https:\/\/api.w.org\/{rel}","templated":true}]}}