{"id":20664,"date":"2021-03-31T18:15:23","date_gmt":"2021-03-31T18:15:23","guid":{"rendered":"https:\/\/blogdorogeriogomes.com.br\/?p=20664"},"modified":"2021-04-01T13:52:53","modified_gmt":"2021-04-01T13:52:53","slug":"comite-da-covid-19-se-reune-e-bolsonaro-novamente-discorda-de-todos-para-atacar-as-medidas-de-isolamento-social","status":"publish","type":"post","link":"https:\/\/blogdorogeriogomes.com.br\/noticias\/2021\/03\/comite-da-covid-19-se-reune-e-bolsonaro-novamente-discorda-de-todos-para-atacar-as-medidas-de-isolamento-social\/","title":{"rendered":"Comit\u00ea da Covid-19 se re\u00fane e Bolsonaro novamente discorda de todos para atacar as medidas de isolamento social"},"content":{"rendered":"\n<p>Bastou apenas a primeira reuni\u00e3o do comit\u00ea formado por governo e Congresso Nacional para discutir a\u00e7\u00f5es contra a Covid-19, nesta quarta-feira, dia 31 de mar\u00e7o, para que o presidente Jair Bolsonaro gerasse o primeiro conflito. Enquanto o ministro da Sa\u00fade, Marcelo Queiroga, e o presidente do Senado, Rodrigo Pacheco (DEM), realizaram pronunciamentos p\u00f3s-encontro para refor\u00e7ar a necessidade de manter o isolamento social, Bolsonaro partiu ao ataque da medida sanit\u00e1ria defendida pelas autoridades de Sa\u00fade.<\/p>\n\n\n\n<p>Queiroga e Pacheco falaram antes do presidente, refor\u00e7ando a urg\u00eancia de vacinar a popula\u00e7\u00e3o, mas tamb\u00e9m de frear a alta de cont\u00e1gio do v\u00edrus com distanciamento, uso de m\u00e1scaras e higieniza\u00e7\u00e3o.<\/p>\n\n\n\n<p>&#8220;\u00c9 muito importante a comunica\u00e7\u00e3o, que haja um alinhamento da comunica\u00e7\u00e3o social do governo, da assessoria de imprensa da Presid\u00eancia da Rep\u00fablica, no sentido de haver uma uniformiza\u00e7\u00e3o do discurso\u201d, disse o presidente do Senado. J\u00e1 o ministro refor\u00e7ou que no feriado da Semana Santa &#8220;n\u00e3o pode haver aglomera\u00e7\u00f5es desnecess\u00e1rias e \u00e9 preciso manter o isolamento&#8221;. Apesar de n\u00e3o ter feito pronunciamento, o presidente da C\u00e2mara dos Deputados, Arthur Lira (PP) tamb\u00e9m particiou da reuni\u00e3o e est\u00e1 de acordo com o discurso de ambos.<\/p>\n\n\n\n<p>Foi a\u00ed que Bolsonaro, em mais um ato de negacionismo, discursou sozinho e com palavras que confrontam a unidade de discurso defendida pelos outros membros do comit\u00ea. &#8220;N\u00e3o \u00e9 ficando em casa que n\u00f3s vamos solucionar esse problema. Essa pol\u00edtica do distanciamento ainda est\u00e1 sendo adotada, mas o esp\u00edrito dela era se preparar com leitos de UTI, respiradores, para que pessoas n\u00e3o viessem a perder as suas vidas por falta de atendimento&#8221;, disse.<\/p>\n\n\n\n<figure class=\"wp-block-image size-large\"><img loading=\"lazy\" decoding=\"async\" width=\"640\" height=\"480\" src=\"https:\/\/blogdorogeriogomes.com.br\/wp-content\/uploads\/2021\/03\/images-2021-03-31T151242.940.jpeg\" alt=\"\" class=\"wp-image-20665\" srcset=\"https:\/\/blogdorogeriogomes.com.br\/noticias\/wp-content\/uploads\/2021\/03\/images-2021-03-31T151242.940.jpeg 640w, https:\/\/blogdorogeriogomes.com.br\/noticias\/wp-content\/uploads\/2021\/03\/images-2021-03-31T151242.940-300x225.jpeg 300w, https:\/\/blogdorogeriogomes.com.br\/noticias\/wp-content\/uploads\/2021\/03\/images-2021-03-31T151242.940-400x300.jpeg 400w\" sizes=\"auto, (max-width: 640px) 100vw, 640px\" \/><\/figure>\n","protected":false},"excerpt":{"rendered":"<p>Bastou apenas a primeira reuni\u00e3o do comit\u00ea formado por governo e Congresso Nacional para discutir a\u00e7\u00f5es contra a Covid-19, nesta quarta-feira, dia 31 de mar\u00e7o, para que o presidente Jair Bolsonaro gerasse o primeiro conflito. Enquanto o ministro da Sa\u00fade, Marcelo Queiroga, e o presidente do Senado, Rodrigo Pacheco (DEM), realizaram pronunciamentos p\u00f3s-encontro para refor\u00e7ar a necessidade de manter o isolamento social, Bolsonaro partiu ao ataque da medida sanit\u00e1ria defendida pelas autoridades de Sa\u00fade. Queiroga e Pacheco falaram antes&hellip;<\/p>\n","protected":false},"author":1,"featured_media":20665,"comment_status":"open","ping_status":"open","sticky":false,"template":"","format":"standard","meta":{"footnotes":""},"categories":[1],"tags":[],"class_list":["post-20664","post","type-post","status-publish","format-standard","has-post-thumbnail","hentry","category-noticias"],"_links":{"self":[{"href":"https:\/\/blogdorogeriogomes.com.br\/noticias\/wp-json\/wp\/v2\/posts\/20664","targetHints":{"allow":["GET"]}}],"collection":[{"href":"https:\/\/blogdorogeriogomes.com.br\/noticias\/wp-json\/wp\/v2\/posts"}],"about":[{"href":"https:\/\/blogdorogeriogomes.com.br\/noticias\/wp-json\/wp\/v2\/types\/post"}],"author":[{"embeddable":true,"href":"https:\/\/blogdorogeriogomes.com.br\/noticias\/wp-json\/wp\/v2\/users\/1"}],"replies":[{"embeddable":true,"href":"https:\/\/blogdorogeriogomes.com.br\/noticias\/wp-json\/wp\/v2\/comments?post=20664"}],"version-history":[{"count":1,"href":"https:\/\/blogdorogeriogomes.com.br\/noticias\/wp-json\/wp\/v2\/posts\/20664\/revisions"}],"predecessor-version":[{"id":20666,"href":"https:\/\/blogdorogeriogomes.com.br\/noticias\/wp-json\/wp\/v2\/posts\/20664\/revisions\/20666"}],"wp:featuredmedia":[{"embeddable":true,"href":"https:\/\/blogdorogeriogomes.com.br\/noticias\/wp-json\/wp\/v2\/media\/20665"}],"wp:attachment":[{"href":"https:\/\/blogdorogeriogomes.com.br\/noticias\/wp-json\/wp\/v2\/media?parent=20664"}],"wp:term":[{"taxonomy":"category","embeddable":true,"href":"https:\/\/blogdorogeriogomes.com.br\/noticias\/wp-json\/wp\/v2\/categories?post=20664"},{"taxonomy":"post_tag","embeddable":true,"href":"https:\/\/blogdorogeriogomes.com.br\/noticias\/wp-json\/wp\/v2\/tags?post=20664"}],"curies":[{"name":"wp","href":"https:\/\/api.w.org\/{rel}","templated":true}]}}