{"id":20667,"date":"2021-03-31T20:05:12","date_gmt":"2021-03-31T20:05:12","guid":{"rendered":"https:\/\/blogdorogeriogomes.com.br\/?p=20667"},"modified":"2021-04-01T13:52:43","modified_gmt":"2021-04-01T13:52:43","slug":"profissionais-de-seguranca-na-linha-de-frente-entram-no-grupo-prioritario-para-vacinacao-contra-covid-19","status":"publish","type":"post","link":"https:\/\/blogdorogeriogomes.com.br\/noticias\/2021\/03\/profissionais-de-seguranca-na-linha-de-frente-entram-no-grupo-prioritario-para-vacinacao-contra-covid-19\/","title":{"rendered":"Profissionais de seguran\u00e7a na linha de frente entram no grupo priorit\u00e1rio para vacina\u00e7\u00e3o contra Covid-19"},"content":{"rendered":"\n<p>Ap\u00f3s reuni\u00e3o com o ministro da Sa\u00fade, Marcelo Queiroga, o governador do Cear\u00e1, Camilo Santana, confirmou, nesta quarta-feira, dia 31 de mar\u00e7o, a inclus\u00e3o dos profissionais de seguran\u00e7a na linha de frente do enfrentamento \u00e0 pandemia como grupo priorit\u00e1rio no Plano Nacional de Operacionaliza\u00e7\u00e3o da Vacina contra a Covid-19.<\/p>\n\n\n\n<p>&#8220;Reafirmamos ao ministro a import\u00e2ncia que a categoria fosse inclu\u00edda na faixa priorit\u00e1ria de imuniza\u00e7\u00e3o. Nossa luta \u00e9 tamb\u00e9m para incluir os profissionais da educa\u00e7\u00e3o nesse grupo, para que haja o retorno seguro das aulas presenciais&#8221;, disse o governador cearense.<\/p>\n\n\n\n<p>O Cear\u00e1 chegou \u00e0 marca de 1 milh\u00e3o de vacinas contra o novo coronav\u00edrus aplicadas. &#8220;N\u00e3o temos medido esfor\u00e7os para dar ainda mais rapidez ao processo de imuniza\u00e7\u00e3o em todo o estado. Montamos uma log\u00edstica de distribui\u00e7\u00e3o imediata das vacinas, assim que os lotes chegam ao Cear\u00e1&#8221;, disse Camilo. Os munic\u00edpios cearenses permanecem em lockdown at\u00e9 o pr\u00f3ximo dia 4 de abril, quando ser\u00e1 avaliada a possibilidade de reabertura.<\/p>\n\n\n\n<figure class=\"wp-block-image size-large\"><img loading=\"lazy\" decoding=\"async\" width=\"1024\" height=\"683\" src=\"https:\/\/blogdorogeriogomes.com.br\/wp-content\/uploads\/2021\/03\/Governo-do-Ceara-aumentou-folha-da-seguranca-em-R-1-bilhao-nos-ultimos-cinco-anos-1-1200x800-1-1024x683.jpg\" alt=\"\" class=\"wp-image-20668\" srcset=\"https:\/\/blogdorogeriogomes.com.br\/noticias\/wp-content\/uploads\/2021\/03\/Governo-do-Ceara-aumentou-folha-da-seguranca-em-R-1-bilhao-nos-ultimos-cinco-anos-1-1200x800-1-1024x683.jpg 1024w, https:\/\/blogdorogeriogomes.com.br\/noticias\/wp-content\/uploads\/2021\/03\/Governo-do-Ceara-aumentou-folha-da-seguranca-em-R-1-bilhao-nos-ultimos-cinco-anos-1-1200x800-1-300x200.jpg 300w, https:\/\/blogdorogeriogomes.com.br\/noticias\/wp-content\/uploads\/2021\/03\/Governo-do-Ceara-aumentou-folha-da-seguranca-em-R-1-bilhao-nos-ultimos-cinco-anos-1-1200x800-1-768x512.jpg 768w, https:\/\/blogdorogeriogomes.com.br\/noticias\/wp-content\/uploads\/2021\/03\/Governo-do-Ceara-aumentou-folha-da-seguranca-em-R-1-bilhao-nos-ultimos-cinco-anos-1-1200x800-1-800x533.jpg 800w, https:\/\/blogdorogeriogomes.com.br\/noticias\/wp-content\/uploads\/2021\/03\/Governo-do-Ceara-aumentou-folha-da-seguranca-em-R-1-bilhao-nos-ultimos-cinco-anos-1-1200x800-1.jpg 1200w\" sizes=\"auto, (max-width: 1024px) 100vw, 1024px\" \/><\/figure>\n","protected":false},"excerpt":{"rendered":"<p>Ap\u00f3s reuni\u00e3o com o ministro da Sa\u00fade, Marcelo Queiroga, o governador do Cear\u00e1, Camilo Santana, confirmou, nesta quarta-feira, dia 31 de mar\u00e7o, a inclus\u00e3o dos profissionais de seguran\u00e7a na linha de frente do enfrentamento \u00e0 pandemia como grupo priorit\u00e1rio no Plano Nacional de Operacionaliza\u00e7\u00e3o da Vacina contra a Covid-19. &#8220;Reafirmamos ao ministro a import\u00e2ncia que a categoria fosse inclu\u00edda na faixa priorit\u00e1ria de imuniza\u00e7\u00e3o. Nossa luta \u00e9 tamb\u00e9m para incluir os profissionais da educa\u00e7\u00e3o nesse grupo, para que haja&hellip;<\/p>\n","protected":false},"author":1,"featured_media":20668,"comment_status":"open","ping_status":"open","sticky":false,"template":"","format":"standard","meta":{"footnotes":""},"categories":[1],"tags":[],"class_list":["post-20667","post","type-post","status-publish","format-standard","has-post-thumbnail","hentry","category-noticias"],"_links":{"self":[{"href":"https:\/\/blogdorogeriogomes.com.br\/noticias\/wp-json\/wp\/v2\/posts\/20667","targetHints":{"allow":["GET"]}}],"collection":[{"href":"https:\/\/blogdorogeriogomes.com.br\/noticias\/wp-json\/wp\/v2\/posts"}],"about":[{"href":"https:\/\/blogdorogeriogomes.com.br\/noticias\/wp-json\/wp\/v2\/types\/post"}],"author":[{"embeddable":true,"href":"https:\/\/blogdorogeriogomes.com.br\/noticias\/wp-json\/wp\/v2\/users\/1"}],"replies":[{"embeddable":true,"href":"https:\/\/blogdorogeriogomes.com.br\/noticias\/wp-json\/wp\/v2\/comments?post=20667"}],"version-history":[{"count":1,"href":"https:\/\/blogdorogeriogomes.com.br\/noticias\/wp-json\/wp\/v2\/posts\/20667\/revisions"}],"predecessor-version":[{"id":20669,"href":"https:\/\/blogdorogeriogomes.com.br\/noticias\/wp-json\/wp\/v2\/posts\/20667\/revisions\/20669"}],"wp:featuredmedia":[{"embeddable":true,"href":"https:\/\/blogdorogeriogomes.com.br\/noticias\/wp-json\/wp\/v2\/media\/20668"}],"wp:attachment":[{"href":"https:\/\/blogdorogeriogomes.com.br\/noticias\/wp-json\/wp\/v2\/media?parent=20667"}],"wp:term":[{"taxonomy":"category","embeddable":true,"href":"https:\/\/blogdorogeriogomes.com.br\/noticias\/wp-json\/wp\/v2\/categories?post=20667"},{"taxonomy":"post_tag","embeddable":true,"href":"https:\/\/blogdorogeriogomes.com.br\/noticias\/wp-json\/wp\/v2\/tags?post=20667"}],"curies":[{"name":"wp","href":"https:\/\/api.w.org\/{rel}","templated":true}]}}