{"id":20670,"date":"2021-03-31T20:12:44","date_gmt":"2021-03-31T20:12:44","guid":{"rendered":"https:\/\/blogdorogeriogomes.com.br\/?p=20670"},"modified":"2021-04-01T13:52:26","modified_gmt":"2021-04-01T13:52:26","slug":"governo-do-ceara-nomeia-1-250-professores-aprovados-em-concurso-da-secretaria-da-educacao","status":"publish","type":"post","link":"https:\/\/blogdorogeriogomes.com.br\/noticias\/2021\/03\/governo-do-ceara-nomeia-1-250-professores-aprovados-em-concurso-da-secretaria-da-educacao\/","title":{"rendered":"Governo do Cear\u00e1 nomeia 1.250 professores aprovados em concurso da Secretaria da Educa\u00e7\u00e3o"},"content":{"rendered":"\n<p>Os 1.250 professores aprovados no \u00faltimo concurso da Secretaria da Educa\u00e7\u00e3o do Cear\u00e1 (Seduc) foram nomeados, na tarde desta quarta-feira, dia 31 de mar\u00e7o, pelo governador Camilo Santana (PT). A turma foi a primeira convocada e ter\u00e1 os nomes publicados no Di\u00e1rio Oficial do Estado. O segundo grupo de profissionais selecionados ser\u00e1 convocado pelo Governo do Cear\u00e1 no m\u00eas de junho, totalizando assim 2.500 novos servidores no quadro da rede de ensino estadual em 2021.<\/p>\n\n\n\n<p>&#8220;N\u00e3o temos medido esfor\u00e7os para melhorar ainda mais a qualidade da educa\u00e7\u00e3o no Cear\u00e1. Esse \u00e9 o melhor caminho para termos um estado mais justo e desenvolvido&#8221;, divulgou Camilo Santana por meio de suas redes sociais.<\/p>\n\n\n\n<p>A a\u00e7\u00e3o do poder estadual vem em meio \u00e0s tentativas do governador de inserir os profissionais da Educa\u00e7\u00e3o dentre os grupos priorit\u00e1rios da vacina\u00e7\u00e3o contra Covid-19. O tema j\u00e1 foi discutido com o ministro da Sa\u00fade, Marcelo Queiroga, que disse estar disposto a atender a demanda de Camilo.<\/p>\n\n\n\n<figure class=\"wp-block-image size-large\"><img loading=\"lazy\" decoding=\"async\" width=\"1024\" height=\"682\" src=\"https:\/\/blogdorogeriogomes.com.br\/wp-content\/uploads\/2021\/03\/IMG-20210331-WA0132-1024x682.jpg\" alt=\"\" class=\"wp-image-20671\" srcset=\"https:\/\/blogdorogeriogomes.com.br\/noticias\/wp-content\/uploads\/2021\/03\/IMG-20210331-WA0132-1024x682.jpg 1024w, https:\/\/blogdorogeriogomes.com.br\/noticias\/wp-content\/uploads\/2021\/03\/IMG-20210331-WA0132-300x200.jpg 300w, https:\/\/blogdorogeriogomes.com.br\/noticias\/wp-content\/uploads\/2021\/03\/IMG-20210331-WA0132-768x511.jpg 768w, https:\/\/blogdorogeriogomes.com.br\/noticias\/wp-content\/uploads\/2021\/03\/IMG-20210331-WA0132-800x533.jpg 800w, https:\/\/blogdorogeriogomes.com.br\/noticias\/wp-content\/uploads\/2021\/03\/IMG-20210331-WA0132.jpg 1280w\" sizes=\"auto, (max-width: 1024px) 100vw, 1024px\" \/><\/figure>\n","protected":false},"excerpt":{"rendered":"<p>Os 1.250 professores aprovados no \u00faltimo concurso da Secretaria da Educa\u00e7\u00e3o do Cear\u00e1 (Seduc) foram nomeados, na tarde desta quarta-feira, dia 31 de mar\u00e7o, pelo governador Camilo Santana (PT). A turma foi a primeira convocada e ter\u00e1 os nomes publicados no Di\u00e1rio Oficial do Estado. O segundo grupo de profissionais selecionados ser\u00e1 convocado pelo Governo do Cear\u00e1 no m\u00eas de junho, totalizando assim 2.500 novos servidores no quadro da rede de ensino estadual em 2021. &#8220;N\u00e3o temos medido esfor\u00e7os&hellip;<\/p>\n","protected":false},"author":1,"featured_media":20671,"comment_status":"open","ping_status":"open","sticky":false,"template":"","format":"standard","meta":{"footnotes":""},"categories":[1],"tags":[],"class_list":["post-20670","post","type-post","status-publish","format-standard","has-post-thumbnail","hentry","category-noticias"],"_links":{"self":[{"href":"https:\/\/blogdorogeriogomes.com.br\/noticias\/wp-json\/wp\/v2\/posts\/20670","targetHints":{"allow":["GET"]}}],"collection":[{"href":"https:\/\/blogdorogeriogomes.com.br\/noticias\/wp-json\/wp\/v2\/posts"}],"about":[{"href":"https:\/\/blogdorogeriogomes.com.br\/noticias\/wp-json\/wp\/v2\/types\/post"}],"author":[{"embeddable":true,"href":"https:\/\/blogdorogeriogomes.com.br\/noticias\/wp-json\/wp\/v2\/users\/1"}],"replies":[{"embeddable":true,"href":"https:\/\/blogdorogeriogomes.com.br\/noticias\/wp-json\/wp\/v2\/comments?post=20670"}],"version-history":[{"count":1,"href":"https:\/\/blogdorogeriogomes.com.br\/noticias\/wp-json\/wp\/v2\/posts\/20670\/revisions"}],"predecessor-version":[{"id":20672,"href":"https:\/\/blogdorogeriogomes.com.br\/noticias\/wp-json\/wp\/v2\/posts\/20670\/revisions\/20672"}],"wp:featuredmedia":[{"embeddable":true,"href":"https:\/\/blogdorogeriogomes.com.br\/noticias\/wp-json\/wp\/v2\/media\/20671"}],"wp:attachment":[{"href":"https:\/\/blogdorogeriogomes.com.br\/noticias\/wp-json\/wp\/v2\/media?parent=20670"}],"wp:term":[{"taxonomy":"category","embeddable":true,"href":"https:\/\/blogdorogeriogomes.com.br\/noticias\/wp-json\/wp\/v2\/categories?post=20670"},{"taxonomy":"post_tag","embeddable":true,"href":"https:\/\/blogdorogeriogomes.com.br\/noticias\/wp-json\/wp\/v2\/tags?post=20670"}],"curies":[{"name":"wp","href":"https:\/\/api.w.org\/{rel}","templated":true}]}}