{"id":20674,"date":"2021-04-01T10:14:48","date_gmt":"2021-04-01T10:14:48","guid":{"rendered":"https:\/\/blogdorogeriogomes.com.br\/?p=20674"},"modified":"2021-04-01T13:52:07","modified_gmt":"2021-04-01T13:52:07","slug":"novos-comandantes-das-forcas-armadas-tomam-posse-cearense-que-assume-o-exercito-e-defensor-do-isolamento-social-na-pandemia","status":"publish","type":"post","link":"https:\/\/blogdorogeriogomes.com.br\/noticias\/2021\/04\/novos-comandantes-das-forcas-armadas-tomam-posse-cearense-que-assume-o-exercito-e-defensor-do-isolamento-social-na-pandemia\/","title":{"rendered":"Novos comandantes das For\u00e7as Armadas tomam posse. Cearense que assume o Ex\u00e9rcito \u00e9 defensor do isolamento social na pandemia"},"content":{"rendered":"\n<p>Ap\u00f3s a crise provocada pelo Governo Bolsonaro com a destitui\u00e7\u00e3o de toda a c\u00fapula das For\u00e7as Armadas, os novos comandantes do Ex\u00e9rcito, Marinha e Aeron\u00e1utica foram escolhidos e tomaram posse. Para o Ex\u00e9rcito, foi escolhido o general Paulo S\u00e9rgio Nogueira de Oliveira, que \u00e9 cearense de Iguatu. Para a Marinha, o almirante Almir Garnier e para a Aeron\u00e1utica, o brigadeiro Carlos Almeida Baptista Jr.<\/p>\n\n\n\n<p>O destaque fica para o novo comandante do Ex\u00e9rcito. O general iguatuense Paulo S\u00e9rgio Nogueira ficou conhecido por adotar medidas de isolamento social dentro da institui\u00e7\u00e3o durante a pandemia, o que reduziu em muito o \u00edndice de mortalidade de militares por Covid-19. Ele defende o oposto do que vem sendo praticado pelo Governo Federal na pandemia, como campanhas massivas para o uso de m\u00e1scaras, distanciamento, isolamento, testagem em massa e higieniza\u00e7\u00e3o das m\u00e3os. &nbsp;Sua escolha para liderar o Ex\u00e9rcito pode indicar a inten\u00e7\u00e3o das For\u00e7as Armadas de atuar na pandemia na contram\u00e3o do que prega o presidente.&nbsp;<\/p>\n\n\n\n<figure class=\"wp-block-image size-large\"><img loading=\"lazy\" decoding=\"async\" width=\"768\" height=\"489\" src=\"https:\/\/blogdorogeriogomes.com.br\/wp-content\/uploads\/2021\/04\/16172280646064f120159af_1617228064_3x2_md.jpg\" alt=\"\" class=\"wp-image-20675\" srcset=\"https:\/\/blogdorogeriogomes.com.br\/noticias\/wp-content\/uploads\/2021\/04\/16172280646064f120159af_1617228064_3x2_md.jpg 768w, https:\/\/blogdorogeriogomes.com.br\/noticias\/wp-content\/uploads\/2021\/04\/16172280646064f120159af_1617228064_3x2_md-300x191.jpg 300w\" sizes=\"auto, (max-width: 768px) 100vw, 768px\" \/><\/figure>\n","protected":false},"excerpt":{"rendered":"<p>Ap\u00f3s a crise provocada pelo Governo Bolsonaro com a destitui\u00e7\u00e3o de toda a c\u00fapula das For\u00e7as Armadas, os novos comandantes do Ex\u00e9rcito, Marinha e Aeron\u00e1utica foram escolhidos e tomaram posse. Para o Ex\u00e9rcito, foi escolhido o general Paulo S\u00e9rgio Nogueira de Oliveira, que \u00e9 cearense de Iguatu. Para a Marinha, o almirante Almir Garnier e para a Aeron\u00e1utica, o brigadeiro Carlos Almeida Baptista Jr. O destaque fica para o novo comandante do Ex\u00e9rcito. O general iguatuense Paulo S\u00e9rgio Nogueira&hellip;<\/p>\n","protected":false},"author":1,"featured_media":20675,"comment_status":"open","ping_status":"open","sticky":false,"template":"","format":"standard","meta":{"footnotes":""},"categories":[1],"tags":[],"class_list":["post-20674","post","type-post","status-publish","format-standard","has-post-thumbnail","hentry","category-noticias"],"_links":{"self":[{"href":"https:\/\/blogdorogeriogomes.com.br\/noticias\/wp-json\/wp\/v2\/posts\/20674","targetHints":{"allow":["GET"]}}],"collection":[{"href":"https:\/\/blogdorogeriogomes.com.br\/noticias\/wp-json\/wp\/v2\/posts"}],"about":[{"href":"https:\/\/blogdorogeriogomes.com.br\/noticias\/wp-json\/wp\/v2\/types\/post"}],"author":[{"embeddable":true,"href":"https:\/\/blogdorogeriogomes.com.br\/noticias\/wp-json\/wp\/v2\/users\/1"}],"replies":[{"embeddable":true,"href":"https:\/\/blogdorogeriogomes.com.br\/noticias\/wp-json\/wp\/v2\/comments?post=20674"}],"version-history":[{"count":2,"href":"https:\/\/blogdorogeriogomes.com.br\/noticias\/wp-json\/wp\/v2\/posts\/20674\/revisions"}],"predecessor-version":[{"id":20683,"href":"https:\/\/blogdorogeriogomes.com.br\/noticias\/wp-json\/wp\/v2\/posts\/20674\/revisions\/20683"}],"wp:featuredmedia":[{"embeddable":true,"href":"https:\/\/blogdorogeriogomes.com.br\/noticias\/wp-json\/wp\/v2\/media\/20675"}],"wp:attachment":[{"href":"https:\/\/blogdorogeriogomes.com.br\/noticias\/wp-json\/wp\/v2\/media?parent=20674"}],"wp:term":[{"taxonomy":"category","embeddable":true,"href":"https:\/\/blogdorogeriogomes.com.br\/noticias\/wp-json\/wp\/v2\/categories?post=20674"},{"taxonomy":"post_tag","embeddable":true,"href":"https:\/\/blogdorogeriogomes.com.br\/noticias\/wp-json\/wp\/v2\/tags?post=20674"}],"curies":[{"name":"wp","href":"https:\/\/api.w.org\/{rel}","templated":true}]}}