{"id":20677,"date":"2021-04-01T10:47:05","date_gmt":"2021-04-01T10:47:05","guid":{"rendered":"https:\/\/blogdorogeriogomes.com.br\/?p=20677"},"modified":"2021-04-01T13:51:57","modified_gmt":"2021-04-01T13:51:57","slug":"maior-desafio-no-pais-continua-sendo-cumprir-a-promessa-de-entrega-das-vacinas-ministro-da-saude-reduziu-mais-uma-vez-a-previsao-para-mes-de-abril","status":"publish","type":"post","link":"https:\/\/blogdorogeriogomes.com.br\/noticias\/2021\/04\/maior-desafio-no-pais-continua-sendo-cumprir-a-promessa-de-entrega-das-vacinas-ministro-da-saude-reduziu-mais-uma-vez-a-previsao-para-mes-de-abril\/","title":{"rendered":"Maior desafio no Pa\u00eds continua sendo cumprir a promessa de entrega das vacinas. Ministro da Sa\u00fade reduziu mais uma vez a previs\u00e3o para m\u00eas de abril"},"content":{"rendered":"\n<p>Uma das maiores dificuldades que o Minist\u00e9rio da Sa\u00fade tem enfrentado \u00e9 fazer cumprir o calend\u00e1rio, que anuncia na m\u00eddia e redes sociais, de entrega de novas vacinas contra a Covid-19. Nesta quarta-feira, dia 31 de mar\u00e7o, em audi\u00eancia p\u00fablica na C\u00e2mara dos Deputados, em Bras\u00edlia, o ministro da Sa\u00fade, Marcelo Queiroga, afirmou que a previs\u00e3o para o m\u00eas de abril \u00e9 distribuir 25,5 milh\u00f5es de doses de vacinas contra o coronav\u00edrus. O quantitativo \u00e9 quase a metade do previsto anteriormente. <\/p>\n\n\n\n<p>Um levantamento feito pelo Portal UOL mostrou que cerca de seis em cada dez doses de vacinas contra a Covid-19 distribu\u00eddas pelo Minist\u00e9rio da Sa\u00fade j\u00e1 foram aplicadas, mas h\u00e1 dificuldades em alguns estados de log\u00edstica, cadastro e distribui\u00e7\u00e3o das doses. Segundo especialistas, a irregularidade na entrega do imunizante faz com que a campanha seja constantemente paralisada em algumas localidades, principalmente, no intervalo entre a primeira e segunda doses.<\/p>\n\n\n\n<p>Definitivamente, o Governo Bolsonaro n\u00e3o tem cumprido o cronograma de entrega de vacinas prometido. E, por enquanto, continuamos colhendo n\u00fameros absurdos de casos e mortes por Covid-19. Nas \u00faltimas 24 horas, foram 3.950 \u00f3bitos pela doen\u00e7a no Pa\u00eds e 89.200 novos casos pelos estados.<\/p>\n\n\n\n<p>Em tempo: para os que ainda acham que o verm\u00edfugo Ivermectina \u00e9 um &#8220;santo rem\u00e9dio&#8221; para a Covid-19, a Organiza\u00e7\u00e3o Mundial da Sa\u00fade (OMS) voltou a recomendar, nesta quarta-feira, dia 31 de mar\u00e7o, que o rem\u00e9dio n\u00e3o seja utilizado no tratamento de pacientes com coronav\u00edrus, independentemente do n\u00edvel de gravidade ou da dura\u00e7\u00e3o dos sintomas. Nada melhor que seguir a Ci\u00eancia, em detrimento do curandeirismo. <\/p>\n\n\n\n<figure class=\"wp-block-image size-large\"><img loading=\"lazy\" decoding=\"async\" width=\"1024\" height=\"683\" src=\"https:\/\/blogdorogeriogomes.com.br\/wp-content\/uploads\/2021\/04\/16172248496064e491b594a_1617224849_3x2_lg.jpg\" alt=\"\" class=\"wp-image-20678\" srcset=\"https:\/\/blogdorogeriogomes.com.br\/noticias\/wp-content\/uploads\/2021\/04\/16172248496064e491b594a_1617224849_3x2_lg.jpg 1024w, https:\/\/blogdorogeriogomes.com.br\/noticias\/wp-content\/uploads\/2021\/04\/16172248496064e491b594a_1617224849_3x2_lg-300x200.jpg 300w, https:\/\/blogdorogeriogomes.com.br\/noticias\/wp-content\/uploads\/2021\/04\/16172248496064e491b594a_1617224849_3x2_lg-768x512.jpg 768w, https:\/\/blogdorogeriogomes.com.br\/noticias\/wp-content\/uploads\/2021\/04\/16172248496064e491b594a_1617224849_3x2_lg-800x534.jpg 800w\" sizes=\"auto, (max-width: 1024px) 100vw, 1024px\" \/><\/figure>\n\n\n\n<p><\/p>\n","protected":false},"excerpt":{"rendered":"<p>Uma das maiores dificuldades que o Minist\u00e9rio da Sa\u00fade tem enfrentado \u00e9 fazer cumprir o calend\u00e1rio, que anuncia na m\u00eddia e redes sociais, de entrega de novas vacinas contra a Covid-19. Nesta quarta-feira, dia 31 de mar\u00e7o, em audi\u00eancia p\u00fablica na C\u00e2mara dos Deputados, em Bras\u00edlia, o ministro da Sa\u00fade, Marcelo Queiroga, afirmou que a previs\u00e3o para o m\u00eas de abril \u00e9 distribuir 25,5 milh\u00f5es de doses de vacinas contra o coronav\u00edrus. O quantitativo \u00e9 quase a metade do&hellip;<\/p>\n","protected":false},"author":1,"featured_media":20678,"comment_status":"open","ping_status":"open","sticky":false,"template":"","format":"standard","meta":{"footnotes":""},"categories":[1],"tags":[],"class_list":["post-20677","post","type-post","status-publish","format-standard","has-post-thumbnail","hentry","category-noticias"],"_links":{"self":[{"href":"https:\/\/blogdorogeriogomes.com.br\/noticias\/wp-json\/wp\/v2\/posts\/20677","targetHints":{"allow":["GET"]}}],"collection":[{"href":"https:\/\/blogdorogeriogomes.com.br\/noticias\/wp-json\/wp\/v2\/posts"}],"about":[{"href":"https:\/\/blogdorogeriogomes.com.br\/noticias\/wp-json\/wp\/v2\/types\/post"}],"author":[{"embeddable":true,"href":"https:\/\/blogdorogeriogomes.com.br\/noticias\/wp-json\/wp\/v2\/users\/1"}],"replies":[{"embeddable":true,"href":"https:\/\/blogdorogeriogomes.com.br\/noticias\/wp-json\/wp\/v2\/comments?post=20677"}],"version-history":[{"count":1,"href":"https:\/\/blogdorogeriogomes.com.br\/noticias\/wp-json\/wp\/v2\/posts\/20677\/revisions"}],"predecessor-version":[{"id":20679,"href":"https:\/\/blogdorogeriogomes.com.br\/noticias\/wp-json\/wp\/v2\/posts\/20677\/revisions\/20679"}],"wp:featuredmedia":[{"embeddable":true,"href":"https:\/\/blogdorogeriogomes.com.br\/noticias\/wp-json\/wp\/v2\/media\/20678"}],"wp:attachment":[{"href":"https:\/\/blogdorogeriogomes.com.br\/noticias\/wp-json\/wp\/v2\/media?parent=20677"}],"wp:term":[{"taxonomy":"category","embeddable":true,"href":"https:\/\/blogdorogeriogomes.com.br\/noticias\/wp-json\/wp\/v2\/categories?post=20677"},{"taxonomy":"post_tag","embeddable":true,"href":"https:\/\/blogdorogeriogomes.com.br\/noticias\/wp-json\/wp\/v2\/tags?post=20677"}],"curies":[{"name":"wp","href":"https:\/\/api.w.org\/{rel}","templated":true}]}}