{"id":20680,"date":"2021-04-01T12:36:13","date_gmt":"2021-04-01T12:36:13","guid":{"rendered":"https:\/\/blogdorogeriogomes.com.br\/?p=20680"},"modified":"2021-04-01T13:51:40","modified_gmt":"2021-04-01T13:51:40","slug":"tasso-jereissati-dispara-contra-bolsonaro-tenho-duvida-ate-sobre-seu-equilibrio-mental","status":"publish","type":"post","link":"https:\/\/blogdorogeriogomes.com.br\/noticias\/2021\/04\/tasso-jereissati-dispara-contra-bolsonaro-tenho-duvida-ate-sobre-seu-equilibrio-mental\/","title":{"rendered":"Tasso Jereissati dispara contra Bolsonaro: &#8220;Tenho d\u00favida at\u00e9 sobre seu equil\u00edbrio mental&#8221;"},"content":{"rendered":"\n<p>Em participa\u00e7\u00e3o no programa Manhattan Connection, exibido pela TV Cultura, nesta quarta-feira, dia 31 de mar\u00e7o, o senador cearense Tasso Jereissati (PSDB) disparou contra as \u00faltimas atitudes do presidente Jair Bolsonaro na condu\u00e7\u00e3o da pandemia da Covid-19 e na crise instalada ap\u00f3s a destitui\u00e7\u00e3o da c\u00fapula militar do Governo Federal. &#8220;Perdi completamente a expectativa na regenera\u00e7\u00e3o do Bolsonaro. Tenho d\u00favida at\u00e9 sobre seu equil\u00edbrio mental&#8221;, disse Tasso Jereissati.<\/p>\n\n\n\n<p>Considerado uma voz moderada dentro do PSDB, o senador cearense considera que o Governo Bolsonaro perdeu o rumo e n\u00e3o tem mais recupera\u00e7\u00e3o. &#8220;Sempre disse que era contra o impeachment a medida em que n\u00f3s t\u00ednhamos uma certa expectativa que as coisas pudessem mudar em fun\u00e7\u00e3o do agravamento da crise\u201d, avaliou Tasso.<\/p>\n\n\n\n<p>Ele disse n\u00e3o v\u00ea perspectiva de mudan\u00e7as mesmo com a recente reforma ministerial feita por Bolsonaro. &#8220;Mesmo com essas mudan\u00e7as, o presidente Bolsonaro n\u00e3o tem jeito. O problema dele \u00e9 m\u00e9dico. \u00c9 psiqui\u00e1trico, n\u00e3o \u00e9 um problema pol\u00edtico&#8221;, finalizou Tasso Jereissati.<\/p>\n\n\n\n<figure class=\"wp-block-image size-large\"><img loading=\"lazy\" decoding=\"async\" width=\"678\" height=\"452\" src=\"https:\/\/blogdorogeriogomes.com.br\/wp-content\/uploads\/2021\/04\/images-2021-04-01T092601.107.jpeg\" alt=\"\" class=\"wp-image-20681\" srcset=\"https:\/\/blogdorogeriogomes.com.br\/noticias\/wp-content\/uploads\/2021\/04\/images-2021-04-01T092601.107.jpeg 678w, https:\/\/blogdorogeriogomes.com.br\/noticias\/wp-content\/uploads\/2021\/04\/images-2021-04-01T092601.107-300x200.jpeg 300w\" sizes=\"auto, (max-width: 678px) 100vw, 678px\" \/><\/figure>\n","protected":false},"excerpt":{"rendered":"<p>Em participa\u00e7\u00e3o no programa Manhattan Connection, exibido pela TV Cultura, nesta quarta-feira, dia 31 de mar\u00e7o, o senador cearense Tasso Jereissati (PSDB) disparou contra as \u00faltimas atitudes do presidente Jair Bolsonaro na condu\u00e7\u00e3o da pandemia da Covid-19 e na crise instalada ap\u00f3s a destitui\u00e7\u00e3o da c\u00fapula militar do Governo Federal. &#8220;Perdi completamente a expectativa na regenera\u00e7\u00e3o do Bolsonaro. Tenho d\u00favida at\u00e9 sobre seu equil\u00edbrio mental&#8221;, disse Tasso Jereissati. Considerado uma voz moderada dentro do PSDB, o senador cearense considera&hellip;<\/p>\n","protected":false},"author":1,"featured_media":20681,"comment_status":"open","ping_status":"open","sticky":false,"template":"","format":"standard","meta":{"footnotes":""},"categories":[1],"tags":[],"class_list":["post-20680","post","type-post","status-publish","format-standard","has-post-thumbnail","hentry","category-noticias"],"_links":{"self":[{"href":"https:\/\/blogdorogeriogomes.com.br\/noticias\/wp-json\/wp\/v2\/posts\/20680","targetHints":{"allow":["GET"]}}],"collection":[{"href":"https:\/\/blogdorogeriogomes.com.br\/noticias\/wp-json\/wp\/v2\/posts"}],"about":[{"href":"https:\/\/blogdorogeriogomes.com.br\/noticias\/wp-json\/wp\/v2\/types\/post"}],"author":[{"embeddable":true,"href":"https:\/\/blogdorogeriogomes.com.br\/noticias\/wp-json\/wp\/v2\/users\/1"}],"replies":[{"embeddable":true,"href":"https:\/\/blogdorogeriogomes.com.br\/noticias\/wp-json\/wp\/v2\/comments?post=20680"}],"version-history":[{"count":1,"href":"https:\/\/blogdorogeriogomes.com.br\/noticias\/wp-json\/wp\/v2\/posts\/20680\/revisions"}],"predecessor-version":[{"id":20682,"href":"https:\/\/blogdorogeriogomes.com.br\/noticias\/wp-json\/wp\/v2\/posts\/20680\/revisions\/20682"}],"wp:featuredmedia":[{"embeddable":true,"href":"https:\/\/blogdorogeriogomes.com.br\/noticias\/wp-json\/wp\/v2\/media\/20681"}],"wp:attachment":[{"href":"https:\/\/blogdorogeriogomes.com.br\/noticias\/wp-json\/wp\/v2\/media?parent=20680"}],"wp:term":[{"taxonomy":"category","embeddable":true,"href":"https:\/\/blogdorogeriogomes.com.br\/noticias\/wp-json\/wp\/v2\/categories?post=20680"},{"taxonomy":"post_tag","embeddable":true,"href":"https:\/\/blogdorogeriogomes.com.br\/noticias\/wp-json\/wp\/v2\/tags?post=20680"}],"curies":[{"name":"wp","href":"https:\/\/api.w.org\/{rel}","templated":true}]}}