{"id":20687,"date":"2021-04-02T09:53:35","date_gmt":"2021-04-02T09:53:35","guid":{"rendered":"https:\/\/blogdorogeriogomes.com.br\/?p=20687"},"modified":"2021-04-05T15:17:43","modified_gmt":"2021-04-05T15:17:43","slug":"efeito-lula-poe-mais-pressao-sobre-bolsonaro-quanto-ao-trato-com-a-pandemia-aceno-do-petista-ao-centro-deixa-adversarios-em-alerta","status":"publish","type":"post","link":"https:\/\/blogdorogeriogomes.com.br\/noticias\/2021\/04\/efeito-lula-poe-mais-pressao-sobre-bolsonaro-quanto-ao-trato-com-a-pandemia-aceno-do-petista-ao-centro-deixa-adversarios-em-alerta\/","title":{"rendered":"Efeito Lula p\u00f5e mais press\u00e3o sobre Bolsonaro quanto ao trato com a pandemia.     Aceno do petista ao centro deixa advers\u00e1rios em alerta"},"content":{"rendered":"\n<p>Em entrevista ao jornalista Reinaldo Azevedo, na Bandnews FM, nesta sexta-feira, dia 1\u00b0 de abril, o ex-presidente Lula deixou claro que, se decidir ser o candidato do PT em 2022, n\u00e3o vai medir esfor\u00e7os para fechar um arco de alian\u00e7as capaz de derrubar o atual presidente Jair Bolsonaro. &#8220;Tenho certeza que vamos construir alian\u00e7as no setor de esquerda e, se for preciso chegar no centro para ganhar as elei\u00e7\u00f5es, a gente vai chegar&#8221;, afirmou Lula.<\/p>\n\n\n\n<p>Esta semana, o &#8220;Manifesto pela Consci\u00eancia Democr\u00e1tica&#8221;  assinado pelo ex-ministro da Sa\u00fade, Luiz Henrique Mandetta (DEM); pelo apresentador de TV, Luciano Huck; pelos ex-candidatos presidenciais em 2018, Ciro Gomes (PDT) e Jo\u00e3o Amo\u00eado (Novo) e pelos governadores tucanos Jo\u00e3o Doria (SP) e Eduardo Leite (RS) pediu respeito a democracia pelo presidente Bolsonaro. Na entrevista, Lula n\u00e3o deixou de lembrar que este grupo em 2018 preferiu se alinhar e at\u00e9 votar em Bolsonaro do que optar por Fernando Haddad.  &#8220;Sou favor\u00e1vel e aplaudo qualquer manifesto que defenda a democracia, agora todos esses tiveram a chance de garantir a democracia votando no Haddad. Essa gente preferiu votar no Bolsonaro. Ou seja, voc\u00ea faz um manifesto e sequer reconhece o erro? O Ciro s\u00f3 foi para Paris, n\u00e3o votou&#8221;, disse o petista.<\/p>\n\n\n\n<p>Mas o ponto alto da conversa com Reinaldo Azevedo, sem d\u00favida, foi a cobran\u00e7a incisiva que Lula fez para que Jair Bolsonaro mude a sua postura diante da pandemia da Covid-19. \u201cQuando \u00e9 que voc\u00ea (Bolsonaro) vai assumir a responsabilidade de parar de brincar e governar esse Pa\u00eds?\u201d, perguntou Lula. E acrescentou: &#8220;Estamos vivendo um genoc\u00eddio. N\u00e3o um genoc\u00eddio de estado como foi o genoc\u00eddio contra os negros ou contra os ind\u00edgenas, porque \u00e9 um genoc\u00eddio praticado pela irresponsabilidade de um \u00fanico homem, que brinca com a doen\u00e7a, que zomba da doen\u00e7a, que inventa rem\u00e9dio\u201d.<\/p>\n\n\n\n<p>Lula n\u00e3o quer admitir no momento, mas \u00e9 mais candidato \u00e0 presidente do que nunca. E liberado pela Justi\u00e7a Eleitoral, j\u00e1 mostrou que sabe fazer alian\u00e7as como poucos.<\/p>\n\n\n\n<figure class=\"wp-block-image size-large\"><img loading=\"lazy\" decoding=\"async\" width=\"576\" height=\"1024\" src=\"https:\/\/blogdorogeriogomes.com.br\/wp-content\/uploads\/2021\/04\/IMG-20210401-WA0147-576x1024.jpg\" alt=\"\" class=\"wp-image-20688\" srcset=\"https:\/\/blogdorogeriogomes.com.br\/noticias\/wp-content\/uploads\/2021\/04\/IMG-20210401-WA0147-576x1024.jpg 576w, https:\/\/blogdorogeriogomes.com.br\/noticias\/wp-content\/uploads\/2021\/04\/IMG-20210401-WA0147-169x300.jpg 169w, https:\/\/blogdorogeriogomes.com.br\/noticias\/wp-content\/uploads\/2021\/04\/IMG-20210401-WA0147.jpg 720w\" sizes=\"auto, (max-width: 576px) 100vw, 576px\" \/><\/figure>\n","protected":false},"excerpt":{"rendered":"<p>Em entrevista ao jornalista Reinaldo Azevedo, na Bandnews FM, nesta sexta-feira, dia 1\u00b0 de abril, o ex-presidente Lula deixou claro que, se decidir ser o candidato do PT em 2022, n\u00e3o vai medir esfor\u00e7os para fechar um arco de alian\u00e7as capaz de derrubar o atual presidente Jair Bolsonaro. &#8220;Tenho certeza que vamos construir alian\u00e7as no setor de esquerda e, se for preciso chegar no centro para ganhar as elei\u00e7\u00f5es, a gente vai chegar&#8221;, afirmou Lula. Esta semana, o &#8220;Manifesto&hellip;<\/p>\n","protected":false},"author":1,"featured_media":20688,"comment_status":"open","ping_status":"open","sticky":false,"template":"","format":"standard","meta":{"footnotes":""},"categories":[1],"tags":[],"class_list":["post-20687","post","type-post","status-publish","format-standard","has-post-thumbnail","hentry","category-noticias"],"_links":{"self":[{"href":"https:\/\/blogdorogeriogomes.com.br\/noticias\/wp-json\/wp\/v2\/posts\/20687","targetHints":{"allow":["GET"]}}],"collection":[{"href":"https:\/\/blogdorogeriogomes.com.br\/noticias\/wp-json\/wp\/v2\/posts"}],"about":[{"href":"https:\/\/blogdorogeriogomes.com.br\/noticias\/wp-json\/wp\/v2\/types\/post"}],"author":[{"embeddable":true,"href":"https:\/\/blogdorogeriogomes.com.br\/noticias\/wp-json\/wp\/v2\/users\/1"}],"replies":[{"embeddable":true,"href":"https:\/\/blogdorogeriogomes.com.br\/noticias\/wp-json\/wp\/v2\/comments?post=20687"}],"version-history":[{"count":1,"href":"https:\/\/blogdorogeriogomes.com.br\/noticias\/wp-json\/wp\/v2\/posts\/20687\/revisions"}],"predecessor-version":[{"id":20689,"href":"https:\/\/blogdorogeriogomes.com.br\/noticias\/wp-json\/wp\/v2\/posts\/20687\/revisions\/20689"}],"wp:featuredmedia":[{"embeddable":true,"href":"https:\/\/blogdorogeriogomes.com.br\/noticias\/wp-json\/wp\/v2\/media\/20688"}],"wp:attachment":[{"href":"https:\/\/blogdorogeriogomes.com.br\/noticias\/wp-json\/wp\/v2\/media?parent=20687"}],"wp:term":[{"taxonomy":"category","embeddable":true,"href":"https:\/\/blogdorogeriogomes.com.br\/noticias\/wp-json\/wp\/v2\/categories?post=20687"},{"taxonomy":"post_tag","embeddable":true,"href":"https:\/\/blogdorogeriogomes.com.br\/noticias\/wp-json\/wp\/v2\/tags?post=20687"}],"curies":[{"name":"wp","href":"https:\/\/api.w.org\/{rel}","templated":true}]}}