{"id":20690,"date":"2021-04-02T17:47:32","date_gmt":"2021-04-02T17:47:32","guid":{"rendered":"https:\/\/blogdorogeriogomes.com.br\/?p=20690"},"modified":"2021-04-05T15:14:55","modified_gmt":"2021-04-05T15:14:55","slug":"prefeitura-de-fortaleza-inicia-a-vacinacao-de-idosos-a-partir-de-62-anos-neste-sabado","status":"publish","type":"post","link":"https:\/\/blogdorogeriogomes.com.br\/noticias\/2021\/04\/prefeitura-de-fortaleza-inicia-a-vacinacao-de-idosos-a-partir-de-62-anos-neste-sabado\/","title":{"rendered":"Prefeitura de Fortaleza inicia a vacina\u00e7\u00e3o de idosos a partir de 62 anos neste s\u00e1bado"},"content":{"rendered":"\n<p>A Prefeitura de Fortaleza inicia a vacina\u00e7\u00e3o contra a Covid-19 para o p\u00fablico a partir de 62 anos, neste s\u00e1bado, dia 3 de abril. A rela\u00e7\u00e3o dos 32 mil agendados ser\u00e1 publicada ainda nesta sexta-feira no site coronavirus.fortaleza.ce.gov.br.<\/p>\n\n\n\n<p>O prefeito Jos\u00e9 Sarto conferiu nesta sexta-feira o andamento da vacina\u00e7\u00e3o em postos de sa\u00fade da Capital. S\u00f3 hoje, mais de 15 mil pessoas j\u00e1 foram imunizadas. Na quinta-feira, dia 1\u00b0, a Capital bateu recorde de imuniza\u00e7\u00e3o contra o coronav\u00edrus: 27.675 compareceram aos 65 pontos de agendamento ao longo do dia. Desde o in\u00edcio da campanha, 282.147 pessoas j\u00e1 receberam a primeira dose e 102.928 receberam a segunda. <\/p>\n\n\n\n<p>Atualmente, Fortaleza conta exclusivamente para a vacina\u00e7\u00e3o da Covid-19, com o atendimento de 58 postos de sa\u00fade, al\u00e9m de quatro pontos de acolhimento: Arena Castel\u00e3o, Centro de Eventos do Cear\u00e1, Shopping RioMar Kennedy e Shopping RioMar Papicu.<\/p>\n\n\n\n<figure class=\"wp-block-image size-large\"><img loading=\"lazy\" decoding=\"async\" width=\"739\" height=\"415\" src=\"https:\/\/blogdorogeriogomes.com.br\/wp-content\/uploads\/2021\/04\/images-2021-04-02T144017.411.jpeg\" alt=\"\" class=\"wp-image-20691\" srcset=\"https:\/\/blogdorogeriogomes.com.br\/noticias\/wp-content\/uploads\/2021\/04\/images-2021-04-02T144017.411.jpeg 739w, https:\/\/blogdorogeriogomes.com.br\/noticias\/wp-content\/uploads\/2021\/04\/images-2021-04-02T144017.411-300x168.jpeg 300w\" sizes=\"auto, (max-width: 739px) 100vw, 739px\" \/><\/figure>\n","protected":false},"excerpt":{"rendered":"<p>A Prefeitura de Fortaleza inicia a vacina\u00e7\u00e3o contra a Covid-19 para o p\u00fablico a partir de 62 anos, neste s\u00e1bado, dia 3 de abril. A rela\u00e7\u00e3o dos 32 mil agendados ser\u00e1 publicada ainda nesta sexta-feira no site coronavirus.fortaleza.ce.gov.br. O prefeito Jos\u00e9 Sarto conferiu nesta sexta-feira o andamento da vacina\u00e7\u00e3o em postos de sa\u00fade da Capital. S\u00f3 hoje, mais de 15 mil pessoas j\u00e1 foram imunizadas. Na quinta-feira, dia 1\u00b0, a Capital bateu recorde de imuniza\u00e7\u00e3o contra o coronav\u00edrus: 27.675&hellip;<\/p>\n","protected":false},"author":1,"featured_media":20691,"comment_status":"open","ping_status":"open","sticky":false,"template":"","format":"standard","meta":{"footnotes":""},"categories":[1],"tags":[],"class_list":["post-20690","post","type-post","status-publish","format-standard","has-post-thumbnail","hentry","category-noticias"],"_links":{"self":[{"href":"https:\/\/blogdorogeriogomes.com.br\/noticias\/wp-json\/wp\/v2\/posts\/20690","targetHints":{"allow":["GET"]}}],"collection":[{"href":"https:\/\/blogdorogeriogomes.com.br\/noticias\/wp-json\/wp\/v2\/posts"}],"about":[{"href":"https:\/\/blogdorogeriogomes.com.br\/noticias\/wp-json\/wp\/v2\/types\/post"}],"author":[{"embeddable":true,"href":"https:\/\/blogdorogeriogomes.com.br\/noticias\/wp-json\/wp\/v2\/users\/1"}],"replies":[{"embeddable":true,"href":"https:\/\/blogdorogeriogomes.com.br\/noticias\/wp-json\/wp\/v2\/comments?post=20690"}],"version-history":[{"count":1,"href":"https:\/\/blogdorogeriogomes.com.br\/noticias\/wp-json\/wp\/v2\/posts\/20690\/revisions"}],"predecessor-version":[{"id":20692,"href":"https:\/\/blogdorogeriogomes.com.br\/noticias\/wp-json\/wp\/v2\/posts\/20690\/revisions\/20692"}],"wp:featuredmedia":[{"embeddable":true,"href":"https:\/\/blogdorogeriogomes.com.br\/noticias\/wp-json\/wp\/v2\/media\/20691"}],"wp:attachment":[{"href":"https:\/\/blogdorogeriogomes.com.br\/noticias\/wp-json\/wp\/v2\/media?parent=20690"}],"wp:term":[{"taxonomy":"category","embeddable":true,"href":"https:\/\/blogdorogeriogomes.com.br\/noticias\/wp-json\/wp\/v2\/categories?post=20690"},{"taxonomy":"post_tag","embeddable":true,"href":"https:\/\/blogdorogeriogomes.com.br\/noticias\/wp-json\/wp\/v2\/tags?post=20690"}],"curies":[{"name":"wp","href":"https:\/\/api.w.org\/{rel}","templated":true}]}}