{"id":20693,"date":"2021-04-04T21:40:10","date_gmt":"2021-04-04T21:40:10","guid":{"rendered":"https:\/\/blogdorogeriogomes.com.br\/?p=20693"},"modified":"2021-04-05T15:14:35","modified_gmt":"2021-04-05T15:14:35","slug":"frente-nacional-de-prefeitos-questiona-a-liberacao-de-cultos-e-missas-pelo-ministro-kassio-marques","status":"publish","type":"post","link":"https:\/\/blogdorogeriogomes.com.br\/noticias\/2021\/04\/frente-nacional-de-prefeitos-questiona-a-liberacao-de-cultos-e-missas-pelo-ministro-kassio-marques\/","title":{"rendered":"Frente Nacional de Prefeitos questiona a libera\u00e7\u00e3o de cultos e missas pelo ministro Kassio Marques"},"content":{"rendered":"\n<p>A decis\u00e3o monocr\u00e1tica do ministro do STF, Kassio Nunes Marques, indicado por Jair Bolsonaro, que permitiu celebra\u00e7\u00f5es religiosas presenciais, como cultos e missas, gerou in\u00fameras repercuss\u00f5es durante todo o domingo, dia 4 de abril. Para os defensores do isolamento social, a decis\u00e3o do ministro coloca ainda mais a situa\u00e7\u00e3o da popula\u00e7\u00e3o em risco, no momento mais grave da pandemia da Covid-19.<\/p>\n\n\n\n<p>O presidente da Frente Nacional de Prefeitos, Jonas Donizette, resolveu reagir. Ele pediu que o presidente do Supremo Tribunal Federal (STF), ministro Luiz Fux, se manifeste sobre a decis\u00e3o do ministro do STF. Quer que o plen\u00e1rio avalie a medida monocr\u00e1tica. Donizette afirmou que \u201c\u00e9 importante que os prefeitos cumpram o que foi decidido pelo ministro Nunes Marques sobre o funcionamento de templos religiosos\u201d, mas afirmou que uma decis\u00e3o do plen\u00e1rio do STF deu aos estados e munic\u00edpios a compet\u00eancia de decidir sobre aberturas e fechamentos das atividades.<\/p>\n\n\n\n<p>Prefeitos e governadores est\u00e3o preocupados com a piora dos \u00edndices de contamina\u00e7\u00e3o do coronav\u00edrus em todo Pa\u00eds com o afrouxamento do distanciamento social. Eles acreditam que o Plen\u00e1rio do STF pode rever a decis\u00e3o do ministro do STF, Kassio Marques.<\/p>\n\n\n\n<figure class=\"wp-block-image size-large\"><img loading=\"lazy\" decoding=\"async\" width=\"768\" height=\"512\" src=\"https:\/\/blogdorogeriogomes.com.br\/wp-content\/uploads\/2021\/04\/1617563683606a102375442_1617563683_3x2_md.jpg\" alt=\"\" class=\"wp-image-20694\" srcset=\"https:\/\/blogdorogeriogomes.com.br\/noticias\/wp-content\/uploads\/2021\/04\/1617563683606a102375442_1617563683_3x2_md.jpg 768w, https:\/\/blogdorogeriogomes.com.br\/noticias\/wp-content\/uploads\/2021\/04\/1617563683606a102375442_1617563683_3x2_md-300x200.jpg 300w\" sizes=\"auto, (max-width: 768px) 100vw, 768px\" \/><\/figure>\n","protected":false},"excerpt":{"rendered":"<p>A decis\u00e3o monocr\u00e1tica do ministro do STF, Kassio Nunes Marques, indicado por Jair Bolsonaro, que permitiu celebra\u00e7\u00f5es religiosas presenciais, como cultos e missas, gerou in\u00fameras repercuss\u00f5es durante todo o domingo, dia 4 de abril. Para os defensores do isolamento social, a decis\u00e3o do ministro coloca ainda mais a situa\u00e7\u00e3o da popula\u00e7\u00e3o em risco, no momento mais grave da pandemia da Covid-19. O presidente da Frente Nacional de Prefeitos, Jonas Donizette, resolveu reagir. Ele pediu que o presidente do Supremo&hellip;<\/p>\n","protected":false},"author":1,"featured_media":20694,"comment_status":"closed","ping_status":"closed","sticky":false,"template":"","format":"standard","meta":{"footnotes":""},"categories":[1],"tags":[],"class_list":["post-20693","post","type-post","status-publish","format-standard","has-post-thumbnail","hentry","category-noticias"],"_links":{"self":[{"href":"https:\/\/blogdorogeriogomes.com.br\/noticias\/wp-json\/wp\/v2\/posts\/20693","targetHints":{"allow":["GET"]}}],"collection":[{"href":"https:\/\/blogdorogeriogomes.com.br\/noticias\/wp-json\/wp\/v2\/posts"}],"about":[{"href":"https:\/\/blogdorogeriogomes.com.br\/noticias\/wp-json\/wp\/v2\/types\/post"}],"author":[{"embeddable":true,"href":"https:\/\/blogdorogeriogomes.com.br\/noticias\/wp-json\/wp\/v2\/users\/1"}],"replies":[{"embeddable":true,"href":"https:\/\/blogdorogeriogomes.com.br\/noticias\/wp-json\/wp\/v2\/comments?post=20693"}],"version-history":[{"count":1,"href":"https:\/\/blogdorogeriogomes.com.br\/noticias\/wp-json\/wp\/v2\/posts\/20693\/revisions"}],"predecessor-version":[{"id":20695,"href":"https:\/\/blogdorogeriogomes.com.br\/noticias\/wp-json\/wp\/v2\/posts\/20693\/revisions\/20695"}],"wp:featuredmedia":[{"embeddable":true,"href":"https:\/\/blogdorogeriogomes.com.br\/noticias\/wp-json\/wp\/v2\/media\/20694"}],"wp:attachment":[{"href":"https:\/\/blogdorogeriogomes.com.br\/noticias\/wp-json\/wp\/v2\/media?parent=20693"}],"wp:term":[{"taxonomy":"category","embeddable":true,"href":"https:\/\/blogdorogeriogomes.com.br\/noticias\/wp-json\/wp\/v2\/categories?post=20693"},{"taxonomy":"post_tag","embeddable":true,"href":"https:\/\/blogdorogeriogomes.com.br\/noticias\/wp-json\/wp\/v2\/tags?post=20693"}],"curies":[{"name":"wp","href":"https:\/\/api.w.org\/{rel}","templated":true}]}}