{"id":20696,"date":"2021-04-04T23:15:00","date_gmt":"2021-04-04T23:15:00","guid":{"rendered":"https:\/\/blogdorogeriogomes.com.br\/?p=20696"},"modified":"2021-04-05T15:14:09","modified_gmt":"2021-04-05T15:14:09","slug":"isolamento-rigido-prossegue-ate-o-dia-12-de-abril-no-ceara-quando-medidas-terao-relaxamento-gradual","status":"publish","type":"post","link":"https:\/\/blogdorogeriogomes.com.br\/noticias\/2021\/04\/isolamento-rigido-prossegue-ate-o-dia-12-de-abril-no-ceara-quando-medidas-terao-relaxamento-gradual\/","title":{"rendered":"Isolamento r\u00edgido prossegue at\u00e9 o dia 12 de abril no Cear\u00e1, quando medidas ter\u00e3o relaxamento gradual"},"content":{"rendered":"\n<p>O governador do Cear\u00e1, Camilo Santana, e o prefeito de Fortaleza, Jos\u00e9 Sarto, anunciaram na noite deste domingo, dia 4 de abril, que o isolamento r\u00edgido no Cear\u00e1 prosseguir\u00e1 at\u00e9 o dia 12 de abril, quando as medidas restritivas dever\u00e3o come\u00e7ar a ser relaxadas gradualmente. Os dois esclareceram que os n\u00fameros da Covid-19 no Estado melhoraram diante das a\u00e7\u00f5es de distanciamento social implementadas em todos os munic\u00edpios. No entanto, ainda \u00e9 alta a quantidade de mortes e interna\u00e7\u00f5es.<br>Camilo e Sarto refor\u00e7aram que o relaxamento das medidas restritivas deve ser discutida ao longo desta semana com os setores produtivos. O governador e o prefeito da Capital voltaram a pedir a conscientiza\u00e7\u00e3o das pessoas em respeitar o isolamento para diminuir a transmiss\u00e3o do coronav\u00edrus. Eles acrescentaram que Estado e Munic\u00edpios t\u00eam feito um esfor\u00e7o enorme para acelerar a vacina\u00e7\u00e3o, de acordo com a quantidade de doses enviadas pelo Minist\u00e9rio da Sa\u00fade.<br>O Cear\u00e1 ultrapassou os 552 mil casos confirmados de Covid-19. Desde o in\u00edcio da pandemia, mais de 14.400 pessoas j\u00e1 morreram no Estado por complica\u00e7\u00f5es da doen\u00e7a.&nbsp;<\/p>\n\n\n\n<figure class=\"wp-block-image size-large\"><img loading=\"lazy\" decoding=\"async\" width=\"678\" height=\"452\" src=\"https:\/\/blogdorogeriogomes.com.br\/wp-content\/uploads\/2021\/04\/images-2021-04-04T195614.433.jpeg\" alt=\"\" class=\"wp-image-20697\" srcset=\"https:\/\/blogdorogeriogomes.com.br\/noticias\/wp-content\/uploads\/2021\/04\/images-2021-04-04T195614.433.jpeg 678w, https:\/\/blogdorogeriogomes.com.br\/noticias\/wp-content\/uploads\/2021\/04\/images-2021-04-04T195614.433-300x200.jpeg 300w\" sizes=\"auto, (max-width: 678px) 100vw, 678px\" \/><\/figure>\n","protected":false},"excerpt":{"rendered":"<p>O governador do Cear\u00e1, Camilo Santana, e o prefeito de Fortaleza, Jos\u00e9 Sarto, anunciaram na noite deste domingo, dia 4 de abril, que o isolamento r\u00edgido no Cear\u00e1 prosseguir\u00e1 at\u00e9 o dia 12 de abril, quando as medidas restritivas dever\u00e3o come\u00e7ar a ser relaxadas gradualmente. Os dois esclareceram que os n\u00fameros da Covid-19 no Estado melhoraram diante das a\u00e7\u00f5es de distanciamento social implementadas em todos os munic\u00edpios. No entanto, ainda \u00e9 alta a quantidade de mortes e interna\u00e7\u00f5es.Camilo e&hellip;<\/p>\n","protected":false},"author":1,"featured_media":20697,"comment_status":"open","ping_status":"open","sticky":false,"template":"","format":"standard","meta":{"footnotes":""},"categories":[1],"tags":[],"class_list":["post-20696","post","type-post","status-publish","format-standard","has-post-thumbnail","hentry","category-noticias"],"_links":{"self":[{"href":"https:\/\/blogdorogeriogomes.com.br\/noticias\/wp-json\/wp\/v2\/posts\/20696","targetHints":{"allow":["GET"]}}],"collection":[{"href":"https:\/\/blogdorogeriogomes.com.br\/noticias\/wp-json\/wp\/v2\/posts"}],"about":[{"href":"https:\/\/blogdorogeriogomes.com.br\/noticias\/wp-json\/wp\/v2\/types\/post"}],"author":[{"embeddable":true,"href":"https:\/\/blogdorogeriogomes.com.br\/noticias\/wp-json\/wp\/v2\/users\/1"}],"replies":[{"embeddable":true,"href":"https:\/\/blogdorogeriogomes.com.br\/noticias\/wp-json\/wp\/v2\/comments?post=20696"}],"version-history":[{"count":2,"href":"https:\/\/blogdorogeriogomes.com.br\/noticias\/wp-json\/wp\/v2\/posts\/20696\/revisions"}],"predecessor-version":[{"id":20706,"href":"https:\/\/blogdorogeriogomes.com.br\/noticias\/wp-json\/wp\/v2\/posts\/20696\/revisions\/20706"}],"wp:featuredmedia":[{"embeddable":true,"href":"https:\/\/blogdorogeriogomes.com.br\/noticias\/wp-json\/wp\/v2\/media\/20697"}],"wp:attachment":[{"href":"https:\/\/blogdorogeriogomes.com.br\/noticias\/wp-json\/wp\/v2\/media?parent=20696"}],"wp:term":[{"taxonomy":"category","embeddable":true,"href":"https:\/\/blogdorogeriogomes.com.br\/noticias\/wp-json\/wp\/v2\/categories?post=20696"},{"taxonomy":"post_tag","embeddable":true,"href":"https:\/\/blogdorogeriogomes.com.br\/noticias\/wp-json\/wp\/v2\/tags?post=20696"}],"curies":[{"name":"wp","href":"https:\/\/api.w.org\/{rel}","templated":true}]}}