{"id":20699,"date":"2021-04-05T09:55:20","date_gmt":"2021-04-05T09:55:20","guid":{"rendered":"https:\/\/blogdorogeriogomes.com.br\/?p=20699"},"modified":"2021-04-05T15:13:35","modified_gmt":"2021-04-05T15:13:35","slug":"semana-sera-de-analise-de-bolsonaro-para-vetos-ao-orcamento-federal-para-2021-equipe-economica-ameaca-debandada-se-proposta-nao-for-alterada","status":"publish","type":"post","link":"https:\/\/blogdorogeriogomes.com.br\/noticias\/2021\/04\/semana-sera-de-analise-de-bolsonaro-para-vetos-ao-orcamento-federal-para-2021-equipe-economica-ameaca-debandada-se-proposta-nao-for-alterada\/","title":{"rendered":"Semana ser\u00e1 de an\u00e1lise de Bolsonaro para vetos ao or\u00e7amento federal para 2021. Equipe econ\u00f4mica amea\u00e7a debandada se proposta n\u00e3o for alterada"},"content":{"rendered":"\n<p>O presidente Jair Bolsonaro tem at\u00e9 o dia 22 de abril para sancionar o or\u00e7amento federal para 2021, aprovado em mar\u00e7o pelo Congresso Nacional. A proposta de or\u00e7amento \u00e9 alvo de discuss\u00e3o entre a equipe econ\u00f4mica e parlamentares. Bolsonaro estuda vetos \u00e0 proposta. O ministro da Economia, Paulo Guedes, defende um corte de R$ 20 bilh\u00f5es a R$ 30 bilh\u00f5es em verbas indicadas pelo Congresso para que seja poss\u00edvel recompor os recursos obrigat\u00f3rios sem estourar o teto de gastos.<\/p>\n\n\n\n<p>Bolsonaro tenta entrar em acordo com o presidente da C\u00e2mara, Arthur Lira, para definir os trechos a serem vetados. A proposta or\u00e7ament\u00e1ria foi aprovada com menos recursos que o m\u00ednimo para pagamento de despesas obrigat\u00f3rias, como aposentadorias e demais benef\u00edcios previdenci\u00e1rios. A solu\u00e7\u00e3o passa por reduzir a verba de emendas parlamentares e aumentar o or\u00e7amento obrigat\u00f3rio.<\/p>\n\n\n\n<p>O projeto aprovado pelo Congresso \u00e9 considerado inexequ\u00edvel pela equipe econ\u00f4mica. Paulo Guedes j\u00e1 enviou recado ao presidente de que pode haver uma nova debandada na equipe econ\u00f4mica se os problemas do Or\u00e7amento n\u00e3o forem corrigidos.<\/p>\n\n\n\n<figure class=\"wp-block-image size-large\"><img loading=\"lazy\" decoding=\"async\" width=\"1024\" height=\"683\" src=\"https:\/\/blogdorogeriogomes.com.br\/wp-content\/uploads\/2021\/04\/1616708619605d040bd3a43_1616708619_3x2_lg.jpg\" alt=\"\" class=\"wp-image-20700\" srcset=\"https:\/\/blogdorogeriogomes.com.br\/noticias\/wp-content\/uploads\/2021\/04\/1616708619605d040bd3a43_1616708619_3x2_lg.jpg 1024w, https:\/\/blogdorogeriogomes.com.br\/noticias\/wp-content\/uploads\/2021\/04\/1616708619605d040bd3a43_1616708619_3x2_lg-300x200.jpg 300w, https:\/\/blogdorogeriogomes.com.br\/noticias\/wp-content\/uploads\/2021\/04\/1616708619605d040bd3a43_1616708619_3x2_lg-768x512.jpg 768w, https:\/\/blogdorogeriogomes.com.br\/noticias\/wp-content\/uploads\/2021\/04\/1616708619605d040bd3a43_1616708619_3x2_lg-800x534.jpg 800w\" sizes=\"auto, (max-width: 1024px) 100vw, 1024px\" \/><\/figure>\n","protected":false},"excerpt":{"rendered":"<p>O presidente Jair Bolsonaro tem at\u00e9 o dia 22 de abril para sancionar o or\u00e7amento federal para 2021, aprovado em mar\u00e7o pelo Congresso Nacional. A proposta de or\u00e7amento \u00e9 alvo de discuss\u00e3o entre a equipe econ\u00f4mica e parlamentares. Bolsonaro estuda vetos \u00e0 proposta. O ministro da Economia, Paulo Guedes, defende um corte de R$ 20 bilh\u00f5es a R$ 30 bilh\u00f5es em verbas indicadas pelo Congresso para que seja poss\u00edvel recompor os recursos obrigat\u00f3rios sem estourar o teto de gastos.&hellip;<\/p>\n","protected":false},"author":1,"featured_media":20700,"comment_status":"open","ping_status":"open","sticky":false,"template":"","format":"standard","meta":{"footnotes":""},"categories":[1],"tags":[],"class_list":["post-20699","post","type-post","status-publish","format-standard","has-post-thumbnail","hentry","category-noticias"],"_links":{"self":[{"href":"https:\/\/blogdorogeriogomes.com.br\/noticias\/wp-json\/wp\/v2\/posts\/20699","targetHints":{"allow":["GET"]}}],"collection":[{"href":"https:\/\/blogdorogeriogomes.com.br\/noticias\/wp-json\/wp\/v2\/posts"}],"about":[{"href":"https:\/\/blogdorogeriogomes.com.br\/noticias\/wp-json\/wp\/v2\/types\/post"}],"author":[{"embeddable":true,"href":"https:\/\/blogdorogeriogomes.com.br\/noticias\/wp-json\/wp\/v2\/users\/1"}],"replies":[{"embeddable":true,"href":"https:\/\/blogdorogeriogomes.com.br\/noticias\/wp-json\/wp\/v2\/comments?post=20699"}],"version-history":[{"count":1,"href":"https:\/\/blogdorogeriogomes.com.br\/noticias\/wp-json\/wp\/v2\/posts\/20699\/revisions"}],"predecessor-version":[{"id":20701,"href":"https:\/\/blogdorogeriogomes.com.br\/noticias\/wp-json\/wp\/v2\/posts\/20699\/revisions\/20701"}],"wp:featuredmedia":[{"embeddable":true,"href":"https:\/\/blogdorogeriogomes.com.br\/noticias\/wp-json\/wp\/v2\/media\/20700"}],"wp:attachment":[{"href":"https:\/\/blogdorogeriogomes.com.br\/noticias\/wp-json\/wp\/v2\/media?parent=20699"}],"wp:term":[{"taxonomy":"category","embeddable":true,"href":"https:\/\/blogdorogeriogomes.com.br\/noticias\/wp-json\/wp\/v2\/categories?post=20699"},{"taxonomy":"post_tag","embeddable":true,"href":"https:\/\/blogdorogeriogomes.com.br\/noticias\/wp-json\/wp\/v2\/tags?post=20699"}],"curies":[{"name":"wp","href":"https:\/\/api.w.org\/{rel}","templated":true}]}}