{"id":20707,"date":"2021-04-05T17:26:31","date_gmt":"2021-04-05T17:26:31","guid":{"rendered":"https:\/\/blogdorogeriogomes.com.br\/?p=20707"},"modified":"2021-04-06T12:07:23","modified_gmt":"2021-04-06T12:07:23","slug":"governo-do-ceara-inicia-reunioes-nesta-terca-feira-para-definir-reabertura-do-comercio","status":"publish","type":"post","link":"https:\/\/blogdorogeriogomes.com.br\/noticias\/2021\/04\/governo-do-ceara-inicia-reunioes-nesta-terca-feira-para-definir-reabertura-do-comercio\/","title":{"rendered":"Governo do Cear\u00e1 inicia reuni\u00f5es nesta ter\u00e7a-feira para definir reabertura do com\u00e9rcio"},"content":{"rendered":"\n<p>Com mais uma semana de restri\u00e7\u00f5es sanit\u00e1rias em vigor, o Governo do Cear\u00e1 inicia nesta ter\u00e7a-feira, dia 6 de abril, reuni\u00f5es com setores da economia local para discutir a fase de transi\u00e7\u00e3o na retomada das atividades n\u00e3o essenciais. O governador Camilo Santana j\u00e1 havia orientado que a reabertura do com\u00e9rcio dependeria dos n\u00fameros da Covid-19 em todo o Estado dentro dos pr\u00f3ximos dias. Entrar\u00e1 no centro do di\u00e1logo qual ser\u00e1 o formato ideal para a sa\u00edda do isolamento social r\u00edgido.<\/p>\n\n\n\n<p>O decreto em vigor atualmente vai at\u00e9 o dia 12 de abril. Com a alta de casos do novo coronav\u00edrus, o Cear\u00e1 cumpre isolamento r\u00edgido em todos os seus munic\u00edpios desde o dia 11 de mar\u00e7o. Fortaleza est\u00e1 desde o dia 5 de mar\u00e7o com as medidas de seguran\u00e7a sanit\u00e1ria mais r\u00edgidas.<\/p>\n\n\n\n<p>De pronto, h\u00e1 uma preocupa\u00e7\u00e3o do governo estadual em organizar um revezamento nos hor\u00e1rios de abertura e fechamento dos empreendimentos, seja ind\u00fastria, com\u00e9rcio de rua ou centros comerciais, num trabalho que objetiva a diminui\u00e7\u00e3o do fluxo de pessoas nas ruas, nos \u00f4nibus e nos terminais. At\u00e9 o momento, s\u00e3o mais de 550 mil casos de Covid-19 em territ\u00f3rio cearense, com 389 mil recuperados e 14.407 mortes.<\/p>\n\n\n\n<figure class=\"wp-block-image size-large\"><img loading=\"lazy\" decoding=\"async\" width=\"671\" height=\"457\" src=\"https:\/\/blogdorogeriogomes.com.br\/wp-content\/uploads\/2021\/04\/images-2021-04-05T142340.251.jpeg\" alt=\"\" class=\"wp-image-20708\" srcset=\"https:\/\/blogdorogeriogomes.com.br\/noticias\/wp-content\/uploads\/2021\/04\/images-2021-04-05T142340.251.jpeg 671w, https:\/\/blogdorogeriogomes.com.br\/noticias\/wp-content\/uploads\/2021\/04\/images-2021-04-05T142340.251-300x204.jpeg 300w\" sizes=\"auto, (max-width: 671px) 100vw, 671px\" \/><\/figure>\n","protected":false},"excerpt":{"rendered":"<p>Com mais uma semana de restri\u00e7\u00f5es sanit\u00e1rias em vigor, o Governo do Cear\u00e1 inicia nesta ter\u00e7a-feira, dia 6 de abril, reuni\u00f5es com setores da economia local para discutir a fase de transi\u00e7\u00e3o na retomada das atividades n\u00e3o essenciais. O governador Camilo Santana j\u00e1 havia orientado que a reabertura do com\u00e9rcio dependeria dos n\u00fameros da Covid-19 em todo o Estado dentro dos pr\u00f3ximos dias. Entrar\u00e1 no centro do di\u00e1logo qual ser\u00e1 o formato ideal para a sa\u00edda do isolamento social&hellip;<\/p>\n","protected":false},"author":1,"featured_media":20708,"comment_status":"open","ping_status":"open","sticky":false,"template":"","format":"standard","meta":{"footnotes":""},"categories":[1],"tags":[],"class_list":["post-20707","post","type-post","status-publish","format-standard","has-post-thumbnail","hentry","category-noticias"],"_links":{"self":[{"href":"https:\/\/blogdorogeriogomes.com.br\/noticias\/wp-json\/wp\/v2\/posts\/20707","targetHints":{"allow":["GET"]}}],"collection":[{"href":"https:\/\/blogdorogeriogomes.com.br\/noticias\/wp-json\/wp\/v2\/posts"}],"about":[{"href":"https:\/\/blogdorogeriogomes.com.br\/noticias\/wp-json\/wp\/v2\/types\/post"}],"author":[{"embeddable":true,"href":"https:\/\/blogdorogeriogomes.com.br\/noticias\/wp-json\/wp\/v2\/users\/1"}],"replies":[{"embeddable":true,"href":"https:\/\/blogdorogeriogomes.com.br\/noticias\/wp-json\/wp\/v2\/comments?post=20707"}],"version-history":[{"count":1,"href":"https:\/\/blogdorogeriogomes.com.br\/noticias\/wp-json\/wp\/v2\/posts\/20707\/revisions"}],"predecessor-version":[{"id":20709,"href":"https:\/\/blogdorogeriogomes.com.br\/noticias\/wp-json\/wp\/v2\/posts\/20707\/revisions\/20709"}],"wp:featuredmedia":[{"embeddable":true,"href":"https:\/\/blogdorogeriogomes.com.br\/noticias\/wp-json\/wp\/v2\/media\/20708"}],"wp:attachment":[{"href":"https:\/\/blogdorogeriogomes.com.br\/noticias\/wp-json\/wp\/v2\/media?parent=20707"}],"wp:term":[{"taxonomy":"category","embeddable":true,"href":"https:\/\/blogdorogeriogomes.com.br\/noticias\/wp-json\/wp\/v2\/categories?post=20707"},{"taxonomy":"post_tag","embeddable":true,"href":"https:\/\/blogdorogeriogomes.com.br\/noticias\/wp-json\/wp\/v2\/tags?post=20707"}],"curies":[{"name":"wp","href":"https:\/\/api.w.org\/{rel}","templated":true}]}}