{"id":20710,"date":"2021-04-05T19:26:09","date_gmt":"2021-04-05T19:26:09","guid":{"rendered":"https:\/\/blogdorogeriogomes.com.br\/?p=20710"},"modified":"2021-04-06T12:07:10","modified_gmt":"2021-04-06T12:07:10","slug":"stf-vai-decidir-em-plenario-nesta-quarta-feira-como-ficam-as-celebracoes-religiosas-em-tempos-de-pandemia","status":"publish","type":"post","link":"https:\/\/blogdorogeriogomes.com.br\/noticias\/2021\/04\/stf-vai-decidir-em-plenario-nesta-quarta-feira-como-ficam-as-celebracoes-religiosas-em-tempos-de-pandemia\/","title":{"rendered":"STF vai decidir em plen\u00e1rio nesta quarta-feira como ficam as celebra\u00e7\u00f5es religiosas em tempos de pandemia"},"content":{"rendered":"\n<p>O Plen\u00e1rio do Supremo Tribunal Federal (STF) vai decidir, nesta quarta-feira, dia 7 de abril, o impasse da realiza\u00e7\u00e3o de missas e cultos em todo o Pa\u00eds, ap\u00f3s uma liminar monocr\u00e1tica do ministro Kassio Nunes Marques autorizando a reabertura de igrejas e templos na P\u00e1scoa. Nesta segunda-feira, dia 5, o ministro Gilmar Mendes rejeitou a concess\u00e3o de uma liminar para suspender o decreto do governo de S\u00e3o Paulo que pro\u00edbe celebra\u00e7\u00f5es religiosas no estado diante do aumento expressivo dos casos e mortes pela Covid-19. A decis\u00e3o contraria o posicionamento de Kassio Marques.<\/p>\n\n\n\n<p>Agora, caber\u00e1 a an\u00e1lise dos 11 ministros do STF em Plen\u00e1rio. Governadores e prefeitos que adotam medidas de isolamento r\u00edgido s\u00e3o contr\u00e1rios \u00e0s celebra\u00e7\u00f5es religiosas presenciais, no momento, devido ao n\u00famero alto de casos da Covid-19. Mesmo com os cuidados sanit\u00e1rios, as igrejas e templos s\u00e3o locais com grande possibilidade de aglomera\u00e7\u00f5es que favorecem a contamina\u00e7\u00e3o com o coronav\u00edrus.<\/p>\n\n\n\n<figure class=\"wp-block-image size-large\"><img loading=\"lazy\" decoding=\"async\" width=\"1024\" height=\"576\" src=\"https:\/\/blogdorogeriogomes.com.br\/wp-content\/uploads\/2021\/04\/fup20210225207-1024x576.jpg\" alt=\"\" class=\"wp-image-20711\" srcset=\"https:\/\/blogdorogeriogomes.com.br\/noticias\/wp-content\/uploads\/2021\/04\/fup20210225207-1024x576.jpg 1024w, https:\/\/blogdorogeriogomes.com.br\/noticias\/wp-content\/uploads\/2021\/04\/fup20210225207-300x169.jpg 300w, https:\/\/blogdorogeriogomes.com.br\/noticias\/wp-content\/uploads\/2021\/04\/fup20210225207-768x432.jpg 768w, https:\/\/blogdorogeriogomes.com.br\/noticias\/wp-content\/uploads\/2021\/04\/fup20210225207-800x450.jpg 800w, https:\/\/blogdorogeriogomes.com.br\/noticias\/wp-content\/uploads\/2021\/04\/fup20210225207.jpg 1080w\" sizes=\"auto, (max-width: 1024px) 100vw, 1024px\" \/><\/figure>\n","protected":false},"excerpt":{"rendered":"<p>O Plen\u00e1rio do Supremo Tribunal Federal (STF) vai decidir, nesta quarta-feira, dia 7 de abril, o impasse da realiza\u00e7\u00e3o de missas e cultos em todo o Pa\u00eds, ap\u00f3s uma liminar monocr\u00e1tica do ministro Kassio Nunes Marques autorizando a reabertura de igrejas e templos na P\u00e1scoa. Nesta segunda-feira, dia 5, o ministro Gilmar Mendes rejeitou a concess\u00e3o de uma liminar para suspender o decreto do governo de S\u00e3o Paulo que pro\u00edbe celebra\u00e7\u00f5es religiosas no estado diante do aumento expressivo dos&hellip;<\/p>\n","protected":false},"author":1,"featured_media":20711,"comment_status":"open","ping_status":"open","sticky":false,"template":"","format":"standard","meta":{"footnotes":""},"categories":[1],"tags":[],"class_list":["post-20710","post","type-post","status-publish","format-standard","has-post-thumbnail","hentry","category-noticias"],"_links":{"self":[{"href":"https:\/\/blogdorogeriogomes.com.br\/noticias\/wp-json\/wp\/v2\/posts\/20710","targetHints":{"allow":["GET"]}}],"collection":[{"href":"https:\/\/blogdorogeriogomes.com.br\/noticias\/wp-json\/wp\/v2\/posts"}],"about":[{"href":"https:\/\/blogdorogeriogomes.com.br\/noticias\/wp-json\/wp\/v2\/types\/post"}],"author":[{"embeddable":true,"href":"https:\/\/blogdorogeriogomes.com.br\/noticias\/wp-json\/wp\/v2\/users\/1"}],"replies":[{"embeddable":true,"href":"https:\/\/blogdorogeriogomes.com.br\/noticias\/wp-json\/wp\/v2\/comments?post=20710"}],"version-history":[{"count":1,"href":"https:\/\/blogdorogeriogomes.com.br\/noticias\/wp-json\/wp\/v2\/posts\/20710\/revisions"}],"predecessor-version":[{"id":20712,"href":"https:\/\/blogdorogeriogomes.com.br\/noticias\/wp-json\/wp\/v2\/posts\/20710\/revisions\/20712"}],"wp:featuredmedia":[{"embeddable":true,"href":"https:\/\/blogdorogeriogomes.com.br\/noticias\/wp-json\/wp\/v2\/media\/20711"}],"wp:attachment":[{"href":"https:\/\/blogdorogeriogomes.com.br\/noticias\/wp-json\/wp\/v2\/media?parent=20710"}],"wp:term":[{"taxonomy":"category","embeddable":true,"href":"https:\/\/blogdorogeriogomes.com.br\/noticias\/wp-json\/wp\/v2\/categories?post=20710"},{"taxonomy":"post_tag","embeddable":true,"href":"https:\/\/blogdorogeriogomes.com.br\/noticias\/wp-json\/wp\/v2\/tags?post=20710"}],"curies":[{"name":"wp","href":"https:\/\/api.w.org\/{rel}","templated":true}]}}