{"id":20713,"date":"2021-04-05T19:34:36","date_gmt":"2021-04-05T19:34:36","guid":{"rendered":"https:\/\/blogdorogeriogomes.com.br\/?p=20713"},"modified":"2021-04-06T12:06:51","modified_gmt":"2021-04-06T12:06:51","slug":"com-vacinacao-ceara-diminui-em-11-mil-profissionais-de-saude-contaminados-por-covid-19","status":"publish","type":"post","link":"https:\/\/blogdorogeriogomes.com.br\/noticias\/2021\/04\/com-vacinacao-ceara-diminui-em-11-mil-profissionais-de-saude-contaminados-por-covid-19\/","title":{"rendered":"Com vacina\u00e7\u00e3o, Cear\u00e1 diminui em 11 mil profissionais de Sa\u00fade contaminados por Covid-19"},"content":{"rendered":"\n<p>O avan\u00e7o da vacina\u00e7\u00e3o no Estado tem mostrado resultado nos n\u00fameros da pandemia. Comparando as duas ondas de Covid-19 at\u00e9 o momento, de 2020 e 2021, o Cear\u00e1 conseguiu contabilizar neste ano 11.466 casos a menos de contamina\u00e7\u00e3o de profissionais da Sa\u00fade pelo novo coronav\u00edrus. Segundo informa\u00e7\u00f5es da Secretaria da Sa\u00fade do Cear\u00e1 (Sesa), a primeira onda registrou 16.472 infec\u00e7\u00f5es, enquanto a segunda conta 5.006 no mesmo per\u00edodo.<\/p>\n\n\n\n<p>O Vacin\u00f4metro do Governo do Cear\u00e1 divulgou em \u00faltimo relat\u00f3rio que foram aplicadas 494.268 doses no grupo priorit\u00e1rio que est\u00e1 na linha de frente do combate ao v\u00edrus. Deste n\u00famero, 237.654 profissionais j\u00e1 receberam as duas doses da CoronaVac. A meta \u00e9 que 254.231 trabalhadores da Sa\u00fade cadastrados recebam a aplica\u00e7\u00e3o completa do imunizante.<\/p>\n\n\n\n<p>O Cear\u00e1 ultrapassou a marca de 1,1 milh\u00e3o de doses de vacinas da Covid-19 aplicadas. Al\u00e9m do acesso ao imunizante, alertam especialistas, o refor\u00e7o nos protocolos sanit\u00e1rios nos ambientes de atendimento de pacientes com coronav\u00edrus tamb\u00e9m tem colaborado para maior seguran\u00e7a de m\u00e9dicos, enfermeiros e outros trabalhadores dedicados nas unidades hospitalares.<\/p>\n\n\n\n<figure class=\"wp-block-image size-large\"><img loading=\"lazy\" decoding=\"async\" width=\"678\" height=\"452\" src=\"https:\/\/blogdorogeriogomes.com.br\/wp-content\/uploads\/2021\/04\/images-2021-04-05T163348.364.jpeg\" alt=\"\" class=\"wp-image-20714\" srcset=\"https:\/\/blogdorogeriogomes.com.br\/noticias\/wp-content\/uploads\/2021\/04\/images-2021-04-05T163348.364.jpeg 678w, https:\/\/blogdorogeriogomes.com.br\/noticias\/wp-content\/uploads\/2021\/04\/images-2021-04-05T163348.364-300x200.jpeg 300w\" sizes=\"auto, (max-width: 678px) 100vw, 678px\" \/><\/figure>\n","protected":false},"excerpt":{"rendered":"<p>O avan\u00e7o da vacina\u00e7\u00e3o no Estado tem mostrado resultado nos n\u00fameros da pandemia. Comparando as duas ondas de Covid-19 at\u00e9 o momento, de 2020 e 2021, o Cear\u00e1 conseguiu contabilizar neste ano 11.466 casos a menos de contamina\u00e7\u00e3o de profissionais da Sa\u00fade pelo novo coronav\u00edrus. Segundo informa\u00e7\u00f5es da Secretaria da Sa\u00fade do Cear\u00e1 (Sesa), a primeira onda registrou 16.472 infec\u00e7\u00f5es, enquanto a segunda conta 5.006 no mesmo per\u00edodo. O Vacin\u00f4metro do Governo do Cear\u00e1 divulgou em \u00faltimo relat\u00f3rio que&hellip;<\/p>\n","protected":false},"author":1,"featured_media":20714,"comment_status":"open","ping_status":"open","sticky":false,"template":"","format":"standard","meta":{"footnotes":""},"categories":[1],"tags":[],"class_list":["post-20713","post","type-post","status-publish","format-standard","has-post-thumbnail","hentry","category-noticias"],"_links":{"self":[{"href":"https:\/\/blogdorogeriogomes.com.br\/noticias\/wp-json\/wp\/v2\/posts\/20713","targetHints":{"allow":["GET"]}}],"collection":[{"href":"https:\/\/blogdorogeriogomes.com.br\/noticias\/wp-json\/wp\/v2\/posts"}],"about":[{"href":"https:\/\/blogdorogeriogomes.com.br\/noticias\/wp-json\/wp\/v2\/types\/post"}],"author":[{"embeddable":true,"href":"https:\/\/blogdorogeriogomes.com.br\/noticias\/wp-json\/wp\/v2\/users\/1"}],"replies":[{"embeddable":true,"href":"https:\/\/blogdorogeriogomes.com.br\/noticias\/wp-json\/wp\/v2\/comments?post=20713"}],"version-history":[{"count":1,"href":"https:\/\/blogdorogeriogomes.com.br\/noticias\/wp-json\/wp\/v2\/posts\/20713\/revisions"}],"predecessor-version":[{"id":20715,"href":"https:\/\/blogdorogeriogomes.com.br\/noticias\/wp-json\/wp\/v2\/posts\/20713\/revisions\/20715"}],"wp:featuredmedia":[{"embeddable":true,"href":"https:\/\/blogdorogeriogomes.com.br\/noticias\/wp-json\/wp\/v2\/media\/20714"}],"wp:attachment":[{"href":"https:\/\/blogdorogeriogomes.com.br\/noticias\/wp-json\/wp\/v2\/media?parent=20713"}],"wp:term":[{"taxonomy":"category","embeddable":true,"href":"https:\/\/blogdorogeriogomes.com.br\/noticias\/wp-json\/wp\/v2\/categories?post=20713"},{"taxonomy":"post_tag","embeddable":true,"href":"https:\/\/blogdorogeriogomes.com.br\/noticias\/wp-json\/wp\/v2\/tags?post=20713"}],"curies":[{"name":"wp","href":"https:\/\/api.w.org\/{rel}","templated":true}]}}