{"id":20716,"date":"2021-04-05T23:57:47","date_gmt":"2021-04-05T23:57:47","guid":{"rendered":"https:\/\/blogdorogeriogomes.com.br\/?p=20716"},"modified":"2021-04-06T12:06:42","modified_gmt":"2021-04-06T12:06:42","slug":"nova-rodada-do-auxilio-emergencial-comeca-a-ser-paga-nesta-terca-feira","status":"publish","type":"post","link":"https:\/\/blogdorogeriogomes.com.br\/noticias\/2021\/04\/nova-rodada-do-auxilio-emergencial-comeca-a-ser-paga-nesta-terca-feira\/","title":{"rendered":"Nova rodada do aux\u00edlio emergencial come\u00e7a a ser paga nesta ter\u00e7a-feira"},"content":{"rendered":"\n<p>O aux\u00edlio emergencial, que \u00e9 viabilizado atrav\u00e9s da PEC emergencial com um valor de R$ 44 bilh\u00f5es, come\u00e7ar\u00e1 a ser pago nesta ter\u00e7a-feira, dia 6 de abril, com quatro parcelas com valor m\u00e9dio de R$ 250, sendo que nos casos de mulheres chefes de fam\u00edlia, a cota aumenta para R$ 375 e para os benefici\u00e1rios que morem sozinhos, o valor pago ser\u00e1 de R$ 150.<br>Poder\u00e3o receber o benef\u00edcio aqueles que foram aprovados no programa emergencial ainda em 2020, todos os que se encontravam aptos ao benef\u00edcio em dezembro daquele ano. Ser\u00e3o exce\u00e7\u00f5es aqueles que tenham adquirido v\u00ednculo empregat\u00edcio ou passaram a receber aposentadorias, pens\u00f5es e\/ou seguro-desemprego. Tamb\u00e9m \u00e9 necess\u00e1rio cumprir outros requisitos para ter direito \u00e0 nova rodada.<br>O benef\u00edcio ser\u00e1 depositado nas contas poupan\u00e7a digitais dos trabalhadores informais e inscritos no Cadastro \u00danico de Programas Sociais do Governo Federal. O dinheiro s\u00f3 poder\u00e1 ser sacado em esp\u00e9cie ou transferido para uma conta corrente, entre duas a quatro semanas ap\u00f3s o dep\u00f3sito.<br>Os inscritos no Bolsa fam\u00edlia podem sacar diretamente o dinheiro nos dez \u00faltimos dias \u00fateis de cada m\u00eas. O aux\u00edlio emergencial somente ser\u00e1 pago quando o valor for superior ao benef\u00edcio do programa social.<\/p>\n\n\n\n<figure class=\"wp-block-image size-large\"><img loading=\"lazy\" decoding=\"async\" width=\"739\" height=\"415\" src=\"https:\/\/blogdorogeriogomes.com.br\/wp-content\/uploads\/2021\/04\/IMG-20210405-WA0128.jpg\" alt=\"\" class=\"wp-image-20717\" srcset=\"https:\/\/blogdorogeriogomes.com.br\/noticias\/wp-content\/uploads\/2021\/04\/IMG-20210405-WA0128.jpg 739w, https:\/\/blogdorogeriogomes.com.br\/noticias\/wp-content\/uploads\/2021\/04\/IMG-20210405-WA0128-300x168.jpg 300w\" sizes=\"auto, (max-width: 739px) 100vw, 739px\" \/><\/figure>\n","protected":false},"excerpt":{"rendered":"<p>O aux\u00edlio emergencial, que \u00e9 viabilizado atrav\u00e9s da PEC emergencial com um valor de R$ 44 bilh\u00f5es, come\u00e7ar\u00e1 a ser pago nesta ter\u00e7a-feira, dia 6 de abril, com quatro parcelas com valor m\u00e9dio de R$ 250, sendo que nos casos de mulheres chefes de fam\u00edlia, a cota aumenta para R$ 375 e para os benefici\u00e1rios que morem sozinhos, o valor pago ser\u00e1 de R$ 150.Poder\u00e3o receber o benef\u00edcio aqueles que foram aprovados no programa emergencial ainda em 2020, todos&hellip;<\/p>\n","protected":false},"author":1,"featured_media":20717,"comment_status":"open","ping_status":"open","sticky":false,"template":"","format":"standard","meta":{"footnotes":""},"categories":[1],"tags":[],"class_list":["post-20716","post","type-post","status-publish","format-standard","has-post-thumbnail","hentry","category-noticias"],"_links":{"self":[{"href":"https:\/\/blogdorogeriogomes.com.br\/noticias\/wp-json\/wp\/v2\/posts\/20716","targetHints":{"allow":["GET"]}}],"collection":[{"href":"https:\/\/blogdorogeriogomes.com.br\/noticias\/wp-json\/wp\/v2\/posts"}],"about":[{"href":"https:\/\/blogdorogeriogomes.com.br\/noticias\/wp-json\/wp\/v2\/types\/post"}],"author":[{"embeddable":true,"href":"https:\/\/blogdorogeriogomes.com.br\/noticias\/wp-json\/wp\/v2\/users\/1"}],"replies":[{"embeddable":true,"href":"https:\/\/blogdorogeriogomes.com.br\/noticias\/wp-json\/wp\/v2\/comments?post=20716"}],"version-history":[{"count":1,"href":"https:\/\/blogdorogeriogomes.com.br\/noticias\/wp-json\/wp\/v2\/posts\/20716\/revisions"}],"predecessor-version":[{"id":20718,"href":"https:\/\/blogdorogeriogomes.com.br\/noticias\/wp-json\/wp\/v2\/posts\/20716\/revisions\/20718"}],"wp:featuredmedia":[{"embeddable":true,"href":"https:\/\/blogdorogeriogomes.com.br\/noticias\/wp-json\/wp\/v2\/media\/20717"}],"wp:attachment":[{"href":"https:\/\/blogdorogeriogomes.com.br\/noticias\/wp-json\/wp\/v2\/media?parent=20716"}],"wp:term":[{"taxonomy":"category","embeddable":true,"href":"https:\/\/blogdorogeriogomes.com.br\/noticias\/wp-json\/wp\/v2\/categories?post=20716"},{"taxonomy":"post_tag","embeddable":true,"href":"https:\/\/blogdorogeriogomes.com.br\/noticias\/wp-json\/wp\/v2\/tags?post=20716"}],"curies":[{"name":"wp","href":"https:\/\/api.w.org\/{rel}","templated":true}]}}