{"id":20719,"date":"2021-04-06T10:48:51","date_gmt":"2021-04-06T10:48:51","guid":{"rendered":"https:\/\/blogdorogeriogomes.com.br\/?p=20719"},"modified":"2021-04-06T12:06:20","modified_gmt":"2021-04-06T12:06:20","slug":"cidades-do-ceara-que-tiveram-vacinas-retidas-voltam-a-receber-o-imunizante-ceara-deve-receber-novas-doses-nesta-semana","status":"publish","type":"post","link":"https:\/\/blogdorogeriogomes.com.br\/noticias\/2021\/04\/cidades-do-ceara-que-tiveram-vacinas-retidas-voltam-a-receber-o-imunizante-ceara-deve-receber-novas-doses-nesta-semana\/","title":{"rendered":"Cidades do Cear\u00e1 que tiveram vacinas retidas voltam a receber o imunizante. Cear\u00e1 deve receber novas doses nesta semana"},"content":{"rendered":"\n<p>A Secretaria da Sa\u00fade do Cear\u00e1 (Sesa) confirmou que 24 cidades do interior cearense que tiveram as doses da vacina contra a Covid-19 retidas passar\u00e3o a receber as vacinas. A Sesa tinha anunciado que 37 munic\u00edpios n\u00e3o receberiam os imunizantes por n\u00e3o terem alcan\u00e7ado 85% de imunizados com a 1\u00aa dose, conforme determina\u00e7\u00e3o do Tribunal Regional Federal (TRF-5).<\/p>\n\n\n\n<p>Segundo a Sesa, \u00e0 medida que os demais munic\u00edpios forem alcan\u00e7ando a meta estabelecida pelo TRF-5, receber\u00e3o as doses retidas por decis\u00e3o da Justi\u00e7a. Altaneira, Araripe, Corea\u00fa, Iracema, Morrinhos, Parambu, Pedra Branca, Potengi, Quiterian\u00f3polis, Salitre, Tarrafas, Trairi e Tururu s\u00e3o cidades que ainda est\u00e3o com as vacinas retidas.<\/p>\n\n\n\n<p>O Cear\u00e1 aplicou 1.189.103 doses de vacinas contra a Covid-19, at\u00e9 esta segunda-feira, dia 5 de abril. Segundo o governador Camilo Santana, ainda nesta semana, o Cear\u00e1 deve receber um novo lote de vacinas contra o coronav\u00edrus.<\/p>\n\n\n\n<figure class=\"wp-block-image size-large\"><img loading=\"lazy\" decoding=\"async\" width=\"1024\" height=\"576\" src=\"https:\/\/blogdorogeriogomes.com.br\/wp-content\/uploads\/2021\/04\/doses-1-1024x576.jpeg\" alt=\"\" class=\"wp-image-20720\" srcset=\"https:\/\/blogdorogeriogomes.com.br\/noticias\/wp-content\/uploads\/2021\/04\/doses-1-1024x576.jpeg 1024w, https:\/\/blogdorogeriogomes.com.br\/noticias\/wp-content\/uploads\/2021\/04\/doses-1-300x169.jpeg 300w, https:\/\/blogdorogeriogomes.com.br\/noticias\/wp-content\/uploads\/2021\/04\/doses-1-768x432.jpeg 768w, https:\/\/blogdorogeriogomes.com.br\/noticias\/wp-content\/uploads\/2021\/04\/doses-1-800x450.jpeg 800w, https:\/\/blogdorogeriogomes.com.br\/noticias\/wp-content\/uploads\/2021\/04\/doses-1.jpeg 1080w\" sizes=\"auto, (max-width: 1024px) 100vw, 1024px\" \/><\/figure>\n","protected":false},"excerpt":{"rendered":"<p>A Secretaria da Sa\u00fade do Cear\u00e1 (Sesa) confirmou que 24 cidades do interior cearense que tiveram as doses da vacina contra a Covid-19 retidas passar\u00e3o a receber as vacinas. A Sesa tinha anunciado que 37 munic\u00edpios n\u00e3o receberiam os imunizantes por n\u00e3o terem alcan\u00e7ado 85% de imunizados com a 1\u00aa dose, conforme determina\u00e7\u00e3o do Tribunal Regional Federal (TRF-5). Segundo a Sesa, \u00e0 medida que os demais munic\u00edpios forem alcan\u00e7ando a meta estabelecida pelo TRF-5, receber\u00e3o as doses retidas por&hellip;<\/p>\n","protected":false},"author":1,"featured_media":20720,"comment_status":"open","ping_status":"open","sticky":false,"template":"","format":"standard","meta":{"footnotes":""},"categories":[1],"tags":[],"class_list":["post-20719","post","type-post","status-publish","format-standard","has-post-thumbnail","hentry","category-noticias"],"_links":{"self":[{"href":"https:\/\/blogdorogeriogomes.com.br\/noticias\/wp-json\/wp\/v2\/posts\/20719","targetHints":{"allow":["GET"]}}],"collection":[{"href":"https:\/\/blogdorogeriogomes.com.br\/noticias\/wp-json\/wp\/v2\/posts"}],"about":[{"href":"https:\/\/blogdorogeriogomes.com.br\/noticias\/wp-json\/wp\/v2\/types\/post"}],"author":[{"embeddable":true,"href":"https:\/\/blogdorogeriogomes.com.br\/noticias\/wp-json\/wp\/v2\/users\/1"}],"replies":[{"embeddable":true,"href":"https:\/\/blogdorogeriogomes.com.br\/noticias\/wp-json\/wp\/v2\/comments?post=20719"}],"version-history":[{"count":1,"href":"https:\/\/blogdorogeriogomes.com.br\/noticias\/wp-json\/wp\/v2\/posts\/20719\/revisions"}],"predecessor-version":[{"id":20721,"href":"https:\/\/blogdorogeriogomes.com.br\/noticias\/wp-json\/wp\/v2\/posts\/20719\/revisions\/20721"}],"wp:featuredmedia":[{"embeddable":true,"href":"https:\/\/blogdorogeriogomes.com.br\/noticias\/wp-json\/wp\/v2\/media\/20720"}],"wp:attachment":[{"href":"https:\/\/blogdorogeriogomes.com.br\/noticias\/wp-json\/wp\/v2\/media?parent=20719"}],"wp:term":[{"taxonomy":"category","embeddable":true,"href":"https:\/\/blogdorogeriogomes.com.br\/noticias\/wp-json\/wp\/v2\/categories?post=20719"},{"taxonomy":"post_tag","embeddable":true,"href":"https:\/\/blogdorogeriogomes.com.br\/noticias\/wp-json\/wp\/v2\/tags?post=20719"}],"curies":[{"name":"wp","href":"https:\/\/api.w.org\/{rel}","templated":true}]}}